{"id":966,"date":"2023-06-28T17:36:36","date_gmt":"2023-06-28T15:36:36","guid":{"rendered":"https:\/\/eurhena.eu\/?p=966"},"modified":"2024-02-20T15:29:20","modified_gmt":"2024-02-20T14:29:20","slug":"leurodistrict-a-la-nage","status":"publish","type":"post","link":"https:\/\/eurhena.eu\/de\/energiereflex-challenge\/","title":{"rendered":"Energiereflex-Challenge"},"content":{"rendered":"<p>Der Eurodistrict setzt sich dank der Kampagne, die von etwa zwanzig jungen Franzosen und Deutschen w\u00e4hrend des &#8222;Chalet des talents&#8220; durchgef\u00fchrt wurde, das Ende 2022 vom Eurodistrict in Partnerschaft mit der Collectivit\u00e9 Europ\u00e9enne d&#8217;Alsace, Badencampus (Start-up-Inkubator) in Breisach und mit finanzieller Unterst\u00fctzung von Interreg und dem Deutsch-Franz\u00f6sischen<\/p>\n<p>B\u00fcrgerfonds organisiert wurde, f\u00fcr eine sparsame Energienutzung ein.<\/p>\n<p>W\u00e4hrend des dreit\u00e4gigen Worshops, der von den Organisatoren, Akademikern und Fachleuten aus den Bereichen Interkulturalit\u00e4t, Kommunikation, Energiebereich und den Youtubern Axel Lattuada, Fabrice de Boni und Marc de Boni betreut wurde, wurden zwei Videos gedreht:<\/p>\n<ul>\n<li>ein Video \u00fcber verantwortungsvolle und sparsame Reflexe, das uns dazu aufruft, es uns gleichzutun und unsere leicht umzusetzenden Gesten zu filmen!<\/li>\n<li>ein Motion-Design-Clip, der uns dazu auffordert, die Krise als Vektor f\u00fcr soziale Beziehungen zu nutzen: &#8222;Kiss ou\/oder Krise&#8220;.<\/li>\n<\/ul>\n<p>Wir schlagen Ihnen vor, diese deutsch-franz\u00f6sische Kampagne zu unterst\u00fctzen, und zwar wie folgt:<\/p>\n<p>Um die Macht des Internets und der sozialen Netzwerke zu mobilisieren, um die Botschaften dieser Videos zu verbreiten, haben wir die #EnergieReflexChallenge ins Leben gerufen!<\/p>\n<p>Z\u00f6gern Sie nicht, sie zu teilen!<\/p>\n<p><a href=\"https:\/\/www.youtube.com\/watch?v=x4tG2Lh_iFg\" target=\"_blank\" rel=\"noopener\">Video Energie Reflex Challenge<\/a><\/p>\n<p><a href=\"https:\/\/www.youtube.com\/shorts\/DIH0KAox1C8\" target=\"_blank\" rel=\"noopener\"><span style=\"font-weight: 400;\">Kiss oder Krise-Video<\/span><\/a><\/p>","protected":false},"excerpt":{"rendered":"<p>Der Eurodistrict setzt sich dank der Kampagne, die von etwa zwanzig jungen Franzosen und Deutschen w\u00e4hrend des &#8222;Chalet des talents&#8220; durchgef\u00fchrt wurde, das Ende 2022 vom Eurodistrict in Partnerschaft mit der Collectivit\u00e9 Europ\u00e9enne d&#8217;Alsace, Badencampus (Start-up-Inkubator) in Breisach und mit finanzieller Unterst\u00fctzung von Interreg und dem Deutsch-Franz\u00f6sischen B\u00fcrgerfonds organisiert wurde, f\u00fcr eine sparsame Energienutzung ein. [&hellip;]<\/p>\n","protected":false},"author":1,"featured_media":1065,"comment_status":"open","ping_status":"open","sticky":false,"template":"","format":"standard","meta":{"_acf_changed":false,"_seopress_robots_primary_cat":"none","_seopress_titles_title":"","_seopress_titles_desc":"","_seopress_robots_index":"","inline_featured_image":false,"footnotes":""},"categories":[1],"tags":[],"class_list":["post-966","post","type-post","status-publish","format-standard","has-post-thumbnail","hentry","category-non-classe"],"acf":[],"publishpress_future_workflow_manual_trigger":{"enabledWorkflows":[]},"_links":{"self":[{"href":"https:\/\/eurhena.eu\/de\/wp-json\/wp\/v2\/posts\/966","targetHints":{"allow":["GET"]}}],"collection":[{"href":"https:\/\/eurhena.eu\/de\/wp-json\/wp\/v2\/posts"}],"about":[{"href":"https:\/\/eurhena.eu\/de\/wp-json\/wp\/v2\/types\/post"}],"author":[{"embeddable":true,"href":"https:\/\/eurhena.eu\/de\/wp-json\/wp\/v2\/users\/1"}],"replies":[{"embeddable":true,"href":"https:\/\/eurhena.eu\/de\/wp-json\/wp\/v2\/comments?post=966"}],"version-history":[{"count":7,"href":"https:\/\/eurhena.eu\/de\/wp-json\/wp\/v2\/posts\/966\/revisions"}],"predecessor-version":[{"id":2510,"href":"https:\/\/eurhena.eu\/de\/wp-json\/wp\/v2\/posts\/966\/revisions\/2510"}],"wp:featuredmedia":[{"embeddable":true,"href":"https:\/\/eurhena.eu\/de\/wp-json\/wp\/v2\/media\/1065"}],"wp:attachment":[{"href":"https:\/\/eurhena.eu\/de\/wp-json\/wp\/v2\/media?parent=966"}],"wp:term":[{"taxonomy":"category","embeddable":true,"href":"https:\/\/eurhena.eu\/de\/wp-json\/wp\/v2\/categories?post=966"},{"taxonomy":"post_tag","embeddable":true,"href":"https:\/\/eurhena.eu\/de\/wp-json\/wp\/v2\/tags?post=966"}],"curies":[{"name":"wp","href":"https:\/\/api.w.org\/{rel}","templated":true}]}}