{"id":788,"date":"2023-06-17T16:05:59","date_gmt":"2023-06-17T14:05:59","guid":{"rendered":"https:\/\/eurhena.eu\/?p=788"},"modified":"2024-02-20T15:19:24","modified_gmt":"2024-02-20T14:19:24","slug":"60-ans-de-lofaj","status":"publish","type":"post","link":"https:\/\/eurhena.eu\/de\/60-jahre-dfjw\/","title":{"rendered":"60 Jahre DFJW"},"content":{"rendered":"<p><\/p>\n<h2>Herzlichen Gl\u00fcckwunsch zum Geburtstag des DFJW!<\/h2>\n<p>Das Deutsch-Franz\u00f6sische Jugendwerk (DFJW) feiert sein 60-j\u00e4hriges Bestehen. Seit seiner Gr\u00fcndung anl\u00e4sslich des Elys\u00e9e-Vertrags im Jahr 1963 spielt das DFJW eine Schl\u00fcsselrolle bei der F\u00f6rderung der deutsch-franz\u00f6sischen Freundschaft und der Zusammenarbeit zwischen jungen Menschen beider L\u00e4nder. Durch Austausch, Begegnungen und gemeinsame Projekte hat das DFJW dazu beigetragen, die Bindungen zwischen den jungen Generationen zu st\u00e4rken.<\/p>\n<p>Bleiben Sie auf dem Laufenden, denn zur Feier seines 60-j\u00e4hrigen Bestehens bietet das DFJW das ganze Jahr 2023 \u00fcber Veranstaltungen und Projekte an, um dieses Jubil\u00e4um zu begehen. Das DFJW hat noch nie so viele Anfragen von jungen Menschen erhalten, die sich f\u00fcr die deutsch-franz\u00f6sische Sprache interessieren!<\/p>\n<p>Aktion Eurodistrikt Eurhena: Der Eurodistrikt Eurhena feierte am 17. Juni 2023 sein 60-j\u00e4hriges Bestehen mit einer sch\u00f6nen Geburtstagstorte f\u00fcr die anwesenden Jugendbotschafter des DFJW, die im Rahmen des vom Eurodistrikt organisierten Tages &#8222;la fronti\u00e8re s&#8217;amuse&#8220; einen Workshop f\u00fcr Jugendliche leiteten.<\/p>\n<p><a href=\"https:\/\/www.ofaj.org\/60-ans-ofaj.html\" target=\"_blank\" rel=\"noopener\">Weitere Informationen<\/a><\/p>\n<h6><img loading=\"lazy\" decoding=\"async\" class=\" wp-image-790\" src=\"https:\/\/eurhena.eu\/wp-content\/uploads\/2023\/06\/OFAJ_traite_elysee-300x188.jpg\" alt=\"OFAJ\" width=\"570\" height=\"357\" srcset=\"https:\/\/eurhena.eu\/wp-content\/uploads\/2023\/06\/OFAJ_traite_elysee-300x188.jpg 300w, https:\/\/eurhena.eu\/wp-content\/uploads\/2023\/06\/OFAJ_traite_elysee-1024x640.jpg 1024w, https:\/\/eurhena.eu\/wp-content\/uploads\/2023\/06\/OFAJ_traite_elysee-768x480.jpg 768w, https:\/\/eurhena.eu\/wp-content\/uploads\/2023\/06\/OFAJ_traite_elysee.jpg 1400w\" sizes=\"auto, (max-width: 570px) 100vw, 570px\" \/><br \/>\nUnterzeichnung des Elys\u00e9e-Vertrags am 22. Januar 1963 durch Frankreich und die Bundesrepublik Deutschland<\/h6>\n<p><\/p>","protected":false},"excerpt":{"rendered":"<p>Herzlichen Gl\u00fcckwunsch zum Geburtstag des DFJW! Das Deutsch-Franz\u00f6sische Jugendwerk (DFJW) feiert sein 60-j\u00e4hriges Bestehen. Seit seiner Gr\u00fcndung anl\u00e4sslich des Elys\u00e9e-Vertrags im Jahr 1963 spielt das DFJW eine Schl\u00fcsselrolle bei der F\u00f6rderung der deutsch-franz\u00f6sischen Freundschaft und der Zusammenarbeit zwischen jungen Menschen beider L\u00e4nder. Durch Austausch, Begegnungen und gemeinsame Projekte hat das DFJW dazu beigetragen, die Bindungen [&hellip;]<\/p>\n","protected":false},"author":1,"featured_media":790,"comment_status":"open","ping_status":"open","sticky":false,"template":"","format":"standard","meta":{"_acf_changed":false,"_seopress_robots_primary_cat":"none","_seopress_titles_title":"","_seopress_titles_desc":"","_seopress_robots_index":"","inline_featured_image":false,"footnotes":""},"categories":[1],"tags":[],"class_list":["post-788","post","type-post","status-publish","format-standard","has-post-thumbnail","hentry","category-non-classe"],"acf":[],"publishpress_future_workflow_manual_trigger":{"enabledWorkflows":[]},"_links":{"self":[{"href":"https:\/\/eurhena.eu\/de\/wp-json\/wp\/v2\/posts\/788","targetHints":{"allow":["GET"]}}],"collection":[{"href":"https:\/\/eurhena.eu\/de\/wp-json\/wp\/v2\/posts"}],"about":[{"href":"https:\/\/eurhena.eu\/de\/wp-json\/wp\/v2\/types\/post"}],"author":[{"embeddable":true,"href":"https:\/\/eurhena.eu\/de\/wp-json\/wp\/v2\/users\/1"}],"replies":[{"embeddable":true,"href":"https:\/\/eurhena.eu\/de\/wp-json\/wp\/v2\/comments?post=788"}],"version-history":[{"count":2,"href":"https:\/\/eurhena.eu\/de\/wp-json\/wp\/v2\/posts\/788\/revisions"}],"predecessor-version":[{"id":2514,"href":"https:\/\/eurhena.eu\/de\/wp-json\/wp\/v2\/posts\/788\/revisions\/2514"}],"wp:featuredmedia":[{"embeddable":true,"href":"https:\/\/eurhena.eu\/de\/wp-json\/wp\/v2\/media\/790"}],"wp:attachment":[{"href":"https:\/\/eurhena.eu\/de\/wp-json\/wp\/v2\/media?parent=788"}],"wp:term":[{"taxonomy":"category","embeddable":true,"href":"https:\/\/eurhena.eu\/de\/wp-json\/wp\/v2\/categories?post=788"},{"taxonomy":"post_tag","embeddable":true,"href":"https:\/\/eurhena.eu\/de\/wp-json\/wp\/v2\/tags?post=788"}],"curies":[{"name":"wp","href":"https:\/\/api.w.org\/{rel}","templated":true}]}}