{"id":778,"date":"2023-06-21T15:58:10","date_gmt":"2023-06-21T13:58:10","guid":{"rendered":"https:\/\/eurhena.eu\/?p=778"},"modified":"2024-02-20T15:08:45","modified_gmt":"2024-02-20T14:08:45","slug":"lhydrogene-dans-le-sud-du-rhin-sup","status":"publish","type":"post","link":"https:\/\/eurhena.eu\/de\/wasserstoff-in-der-sudlichen-rheinschiene-sup\/","title":{"rendered":"Wasserstoff in der s\u00fcdlichen Rheinschiene sup."},"content":{"rendered":"<p>Am 5. Oktober 2023 findet von 9 bis 17 Uhr in den Black Forest Studios in Kirchzarten (in der N\u00e4he von Freiburg) der vierte H2-Gipfel statt.<\/p>\n<p>Aktion Eurodistrikt Eurhena: im November.<\/p>\n<p>21. und Juni 22 hatte der Eurodistrikt zusammen mit der Collectivit\u00e9 Europ\u00e9enne d&#8217;Alsace die Initiative ergriffen, einen deutsch-franz\u00f6sischen Gipfel zu organisieren.<\/p>\n<p><iframe loading=\"lazy\" title=\"Er\u00f6ffnung Trinationales Wasserstoff Forum 2022: G\u00e9rard Hug\" width=\"500\" height=\"281\" src=\"https:\/\/www.youtube.com\/embed\/rn91NW9lZ0s?feature=oembed\" frameborder=\"0\" allow=\"accelerometer; autoplay; clipboard-write; encrypted-media; gyroscope; picture-in-picture; web-share\" referrerpolicy=\"strict-origin-when-cross-origin\" allowfullscreen><\/iframe><\/p>\n<p>Aufgrund des Erfolgs der beiden H2-Gipfel und der Kontakte, die an diesen Tagen gekn\u00fcpft wurden, wurde ein Netzwerk strukturiert, die Initiative 3H2, die seither einen Gipfel in Basel und den n\u00e4chsten in Kirchzarten mit Klima Partner Oberrhein, Badenova, IHK S\u00fcdlicher Oberrhein und TRION Climate organisiert hat.<\/p>\n<p><img loading=\"lazy\" decoding=\"async\" class=\"wp-image-781 aligncenter\" src=\"https:\/\/eurhena.eu\/wp-content\/uploads\/2023\/06\/Safe-the-date-Forum-Hydrogene-212x300.jpg\" alt=\"3H2 Forum\" width=\"470\" height=\"665\" srcset=\"https:\/\/eurhena.eu\/wp-content\/uploads\/2023\/06\/Safe-the-date-Forum-Hydrogene-212x300.jpg 212w, https:\/\/eurhena.eu\/wp-content\/uploads\/2023\/06\/Safe-the-date-Forum-Hydrogene-724x1024.jpg 724w, https:\/\/eurhena.eu\/wp-content\/uploads\/2023\/06\/Safe-the-date-Forum-Hydrogene-768x1086.jpg 768w, https:\/\/eurhena.eu\/wp-content\/uploads\/2023\/06\/Safe-the-date-Forum-Hydrogene-1086x1536.jpg 1086w, https:\/\/eurhena.eu\/wp-content\/uploads\/2023\/06\/Safe-the-date-Forum-Hydrogene-1448x2048.jpg 1448w, https:\/\/eurhena.eu\/wp-content\/uploads\/2023\/06\/Safe-the-date-Forum-Hydrogene-scaled.jpg 1810w\" sizes=\"auto, (max-width: 470px) 100vw, 470px\" \/><\/p>","protected":false},"excerpt":{"rendered":"<p>Am 5. Oktober 2023 findet von 9 bis 17 Uhr in den Black Forest Studios in Kirchzarten (in der N\u00e4he von Freiburg) der vierte H2-Gipfel statt. Aktion Eurodistrikt Eurhena: im November. 21. und Juni 22 hatte der Eurodistrikt zusammen mit der Collectivit\u00e9 Europ\u00e9enne d&#8217;Alsace die Initiative ergriffen, einen deutsch-franz\u00f6sischen Gipfel zu organisieren. Aufgrund des Erfolgs [&hellip;]<\/p>\n","protected":false},"author":1,"featured_media":781,"comment_status":"open","ping_status":"open","sticky":false,"template":"","format":"standard","meta":{"_acf_changed":false,"_seopress_robots_primary_cat":"none","_seopress_titles_title":"","_seopress_titles_desc":"","_seopress_robots_index":"","inline_featured_image":false,"footnotes":""},"categories":[1],"tags":[],"class_list":["post-778","post","type-post","status-publish","format-standard","has-post-thumbnail","hentry","category-non-classe"],"acf":[],"publishpress_future_workflow_manual_trigger":{"enabledWorkflows":[]},"_links":{"self":[{"href":"https:\/\/eurhena.eu\/de\/wp-json\/wp\/v2\/posts\/778","targetHints":{"allow":["GET"]}}],"collection":[{"href":"https:\/\/eurhena.eu\/de\/wp-json\/wp\/v2\/posts"}],"about":[{"href":"https:\/\/eurhena.eu\/de\/wp-json\/wp\/v2\/types\/post"}],"author":[{"embeddable":true,"href":"https:\/\/eurhena.eu\/de\/wp-json\/wp\/v2\/users\/1"}],"replies":[{"embeddable":true,"href":"https:\/\/eurhena.eu\/de\/wp-json\/wp\/v2\/comments?post=778"}],"version-history":[{"count":5,"href":"https:\/\/eurhena.eu\/de\/wp-json\/wp\/v2\/posts\/778\/revisions"}],"predecessor-version":[{"id":2512,"href":"https:\/\/eurhena.eu\/de\/wp-json\/wp\/v2\/posts\/778\/revisions\/2512"}],"wp:featuredmedia":[{"embeddable":true,"href":"https:\/\/eurhena.eu\/de\/wp-json\/wp\/v2\/media\/781"}],"wp:attachment":[{"href":"https:\/\/eurhena.eu\/de\/wp-json\/wp\/v2\/media?parent=778"}],"wp:term":[{"taxonomy":"category","embeddable":true,"href":"https:\/\/eurhena.eu\/de\/wp-json\/wp\/v2\/categories?post=778"},{"taxonomy":"post_tag","embeddable":true,"href":"https:\/\/eurhena.eu\/de\/wp-json\/wp\/v2\/tags?post=778"}],"curies":[{"name":"wp","href":"https:\/\/api.w.org\/{rel}","templated":true}]}}