{"id":4527,"date":"2026-04-30T16:46:30","date_gmt":"2026-04-30T14:46:30","guid":{"rendered":"https:\/\/eurhena.eu\/?p=4527"},"modified":"2026-04-30T16:46:30","modified_gmt":"2026-04-30T14:46:30","slug":"nouvelles-dates-pour-la-permanence-dans-le-cadre-de-notre-fonds-eurhena-act-en-mai-2026","status":"publish","type":"post","link":"https:\/\/eurhena.eu\/de\/neue-termine-fur-die-offene-sprechstunde-zum-fonds-eurhena-act-im-mai-2026\/","title":{"rendered":"Neue Termine f\u00fcr die offene Sprechstunde zum Fonds Eurhena ACT im Mai 2026"},"content":{"rendered":"<p>Sie haben konkrete Fragen zum Fonds Eurhena ACT &#8211; Art \/ Culture \/ Tourismus?<\/p>\n<p class=\"cvGsUA direction-ltr align-center para-style-body\"><span class=\"a_GcMg font-feature-liga-off font-feature-clig-off font-feature-calt-off text-decoration-none text-strikethrough-none\">Dann melden Sie sich gerne im Rahmen unserer offenen Sprechstunde p<\/span><span class=\"a_GcMg font-feature-liga-off font-feature-clig-off font-feature-calt-off text-decoration-none text-strikethrough-none\">er Telefon oder machen Sie einen Termin mit uns aus vor Ort.<\/span><\/p>\n<p>An folgenden Terminen ist unsere Referentin Olga Hetze f\u00fcr Sie verf\u00fcgbar:<\/p>\n<p>Dienstag, 12. Mai 2026 (9 bis 12 Uhr)<\/p>\n<p>Dienstag, 19. Mai 2026 (9 bis 12 Uhr)<\/p>\n<p>Dienstag, 26. Mai 2026 (9 bis 12 Uhr)<\/p>\n<p><img loading=\"lazy\" decoding=\"async\" class=\"alignnone size-medium wp-image-4062\" src=\"https:\/\/eurhena.eu\/wp-content\/uploads\/2025\/11\/logo_rvb_couleur_fond_blanc_principal-300x90.jpg\" alt=\"\" width=\"300\" height=\"90\" srcset=\"https:\/\/eurhena.eu\/wp-content\/uploads\/2025\/11\/logo_rvb_couleur_fond_blanc_principal-300x90.jpg 300w, https:\/\/eurhena.eu\/wp-content\/uploads\/2025\/11\/logo_rvb_couleur_fond_blanc_principal-1024x309.jpg 1024w, https:\/\/eurhena.eu\/wp-content\/uploads\/2025\/11\/logo_rvb_couleur_fond_blanc_principal-768x232.jpg 768w, https:\/\/eurhena.eu\/wp-content\/uploads\/2025\/11\/logo_rvb_couleur_fond_blanc_principal-1536x463.jpg 1536w, https:\/\/eurhena.eu\/wp-content\/uploads\/2025\/11\/logo_rvb_couleur_fond_blanc_principal.jpg 1903w\" sizes=\"auto, (max-width: 300px) 100vw, 300px\" \/><\/p>","protected":false},"excerpt":{"rendered":"<p>Sie haben konkrete Fragen zum Fonds Eurhena ACT &#8211; Art \/ Culture \/ Tourismus? Dann melden Sie sich gerne im Rahmen unserer offenen Sprechstunde per Telefon oder machen Sie einen Termin mit uns aus vor Ort. An folgenden Terminen ist unsere Referentin Olga Hetze f\u00fcr Sie verf\u00fcgbar: Dienstag, 12. Mai 2026 (9 bis 12 Uhr) [&hellip;]<\/p>\n","protected":false},"author":3,"featured_media":4308,"comment_status":"closed","ping_status":"closed","sticky":false,"template":"","format":"standard","meta":{"_acf_changed":false,"_seopress_robots_primary_cat":"none","_seopress_titles_title":"","_seopress_titles_desc":"L'Eurodistrict Eurhena propose des nouvelles dates en mai 2026 pour la permanence autour du Fonds Eurhena ACT qui est cofinanc\u00e9 par l'union europ\u00e9enne dans le cadre du programme Interreg Rhin sup\u00e9rieur.","_seopress_robots_index":"","inline_featured_image":false,"footnotes":""},"categories":[1],"tags":[],"class_list":["post-4527","post","type-post","status-publish","format-standard","has-post-thumbnail","hentry","category-non-classe"],"acf":[],"publishpress_future_workflow_manual_trigger":{"enabledWorkflows":[]},"_links":{"self":[{"href":"https:\/\/eurhena.eu\/de\/wp-json\/wp\/v2\/posts\/4527","targetHints":{"allow":["GET"]}}],"collection":[{"href":"https:\/\/eurhena.eu\/de\/wp-json\/wp\/v2\/posts"}],"about":[{"href":"https:\/\/eurhena.eu\/de\/wp-json\/wp\/v2\/types\/post"}],"author":[{"embeddable":true,"href":"https:\/\/eurhena.eu\/de\/wp-json\/wp\/v2\/users\/3"}],"replies":[{"embeddable":true,"href":"https:\/\/eurhena.eu\/de\/wp-json\/wp\/v2\/comments?post=4527"}],"version-history":[{"count":1,"href":"https:\/\/eurhena.eu\/de\/wp-json\/wp\/v2\/posts\/4527\/revisions"}],"predecessor-version":[{"id":4530,"href":"https:\/\/eurhena.eu\/de\/wp-json\/wp\/v2\/posts\/4527\/revisions\/4530"}],"wp:featuredmedia":[{"embeddable":true,"href":"https:\/\/eurhena.eu\/de\/wp-json\/wp\/v2\/media\/4308"}],"wp:attachment":[{"href":"https:\/\/eurhena.eu\/de\/wp-json\/wp\/v2\/media?parent=4527"}],"wp:term":[{"taxonomy":"category","embeddable":true,"href":"https:\/\/eurhena.eu\/de\/wp-json\/wp\/v2\/categories?post=4527"},{"taxonomy":"post_tag","embeddable":true,"href":"https:\/\/eurhena.eu\/de\/wp-json\/wp\/v2\/tags?post=4527"}],"curies":[{"name":"wp","href":"https:\/\/api.w.org\/{rel}","templated":true}]}}