{"id":4415,"date":"2026-03-11T14:41:56","date_gmt":"2026-03-11T13:41:56","guid":{"rendered":"https:\/\/eurhena.eu\/?p=4415"},"modified":"2026-03-11T14:42:56","modified_gmt":"2026-03-11T13:42:56","slug":"reunion-dinformation-et-de-reseautage-dans-le-cadre-du-fonds-eurhena-act-le-15-avril-2026-a-fribourg-allemagne-linscription-est-possible-jusquau-08-avril-2026","status":"publish","type":"post","link":"https:\/\/eurhena.eu\/de\/informations-und-netzwerkveranstaltung-zum-fonds-eurhena-act-art-culture-tourismus-am-15-april-2026-in-freiburg\/","title":{"rendered":"Informations- und Netzwerkveranstaltung zum Fonds Eurhena ACT am 15. April 2026 in Freiburg (Anmeldungen m\u00f6glich bis zum 08. April 2026)"},"content":{"rendered":"<p><span style=\"font-weight: 400;\">\ud83e\udd1d\u200bEine Idee f\u00fcr ein <\/span><b>grenz\u00fcberschreitendes deutsch-franz\u00f6sisches Projekt<\/b><span style=\"font-weight: 400;\"> im Bereich <\/span><b>Kultur <\/b><span style=\"font-weight: 400;\">und \/ oder <\/span><b>Tourismus<\/b><span style=\"font-weight: 400;\">?\u00a0<\/span><\/p>\n<p><span style=\"font-weight: 400;\">\u200b\ud83d\udcc5\u200bDer Eurodistrict <\/span><i><span style=\"font-weight: 400;\">Eurhena <\/span><\/i><span style=\"font-weight: 400;\">l\u00e4dt am <\/span><b>15. April 2026<\/b><span style=\"font-weight: 400;\"> von <\/span><b>16:00 Uhr bis 18:00 Uhr<\/b><span style=\"font-weight: 400;\"> zu einer <\/span><b>Informations- und Netzwerkveranstaltung<\/b><span style=\"font-weight: 400;\"> zum <\/span><b>Interreg Kleinprojektefonds Eurhena<\/b> <b>ACT &#8211; Art\/Culture\/Tourismus<\/b><span style=\"font-weight: 400;\"> (europ\u00e4ischer Fonds) in <\/span><b>Freiburg <\/b><span style=\"font-weight: 400;\">ein<\/span><b>.\u00a0<\/b><\/p>\n<p><b>Was konkret wird geboten? \u200b\u200b\u200b\u200b\u200b\u200b<\/b><span style=\"font-weight: 400;\">\ud83e\udd1d\u200b\u200b\u200b\u200b<\/span><b>\ud83d\udccb<\/b><\/p>\n<ul>\n<li style=\"font-weight: 400;\" aria-level=\"1\"><span style=\"font-weight: 400;\">Pr\u00e4sentation des Fonds Eurhena ACT: Kriterien und Ablauf des Antragprozesses<\/span><\/li>\n<li style=\"font-weight: 400;\" aria-level=\"1\"><span style=\"font-weight: 400;\">Zusammenfinden mit Akteuren \u00e4hnlicher Projektideen<\/span><\/li>\n<li style=\"font-weight: 400;\" aria-level=\"1\"><span style=\"font-weight: 400;\">5 Minuten Pitches der Projektideen<\/span><\/li>\n<li style=\"font-weight: 400;\" aria-level=\"1\"><span style=\"font-weight: 400;\">Kaffee-Kuchen<\/span><\/li>\n<\/ul>\n<p><b>\u200b\ud83d\udcc5Wann <\/b><span style=\"font-weight: 400;\">? 15. April 2026 von 16:00 Uhr bis 18:00 Uhr<\/span><\/p>\n<p><b>\ud83d\udccdWo <\/b><span style=\"font-weight: 400;\">? im Neuen Ratsaal im Innenstadtrathaus in Freiburg\u00a0<\/span><\/p>\n<p><b>Was ist der Fonds Eurhena ACT &#8211; Art\/Culture\/Tourismus? \u200b<\/b><span style=\"font-weight: 400;\">\ud83d\udcb0\u200b<\/span><\/p>\n<ul>\n<li style=\"font-weight: 400;\" aria-level=\"1\"><span style=\"font-weight: 400;\">Ein\u00a0 Fonds in H\u00f6he von 300.000 \u20ac (f\u00fcr den Zeitraum 2026\u20132029)<\/span><\/li>\n<li style=\"font-weight: 400;\" aria-level=\"1\"><span style=\"font-weight: 400;\">kofinanziert durch Interreg Oberrhein (europ\u00e4ischer Fonds) und verwaltet durch den Eurodistrict <\/span><i><span style=\"font-weight: 400;\">Eurhena<\/span><\/i><span style=\"font-weight: 400;\"> Region Freiburg \u2013 Centre et Sud Alsace<\/span><\/li>\n<li style=\"font-weight: 400;\" aria-level=\"1\"><span style=\"font-weight: 400;\">Unterst\u00fctzt grenz\u00fcberschreitende deutsch-franz\u00f6sische Projekte seines Gebiets\u00a0 (60% des Gesamtvolumens von mind. 15.000\u20ac und max. 80.000\u20ac)<\/span><\/li>\n<li style=\"font-weight: 400;\" aria-level=\"1\"><span style=\"font-weight: 400;\">Projekte aus dem Bereich Kultur und \/ oder Tourismus\u00a0<\/span><\/li>\n<\/ul>\n<p><b>\u2705Anmeldung <\/b><span style=\"font-weight: 400;\">bis zum <\/span><b>8. April 2026 <\/b><span style=\"font-weight: 400;\">\u00fcber das <\/span><a href=\"https:\/\/forms.gle\/tLMDaDYEdXqweMkc7\" target=\"_blank\" rel=\"noopener\"><span style=\"font-weight: 400;\">Formular<\/span><\/a> <b>erforderlich<\/b><span style=\"font-weight: 400;\">.<\/span><\/p>\n<p><span style=\"font-weight: 400;\">Sie haben Fragen zur Veranstaltung ? <\/span><a href=\"mailto:event.eurodistrict@eurhena.eu\"><span style=\"font-weight: 400;\">event.eurodistrict@eurhena.eu<\/span><\/a><span style=\"font-weight: 400;\">\u00a0<\/span><\/p>\n<p><span style=\"font-weight: 400;\">Sie haben Fragen zum Fonds ? <\/span><a href=\"mailto:fonds.eurodistrict@eurhena.eu\"><span style=\"font-weight: 400;\">fonds.eurodistrict@eurhena.eu<\/span><\/a><span style=\"font-weight: 400;\">\u00a0<\/span><\/p>\n<p><span style=\"font-weight: 400;\">Die Veranstaltung wird in Partnerschaft mit der Stadt Freiburg und mit Unterst\u00fctzung der FWTM organisiert.<\/span><\/p>\n<p><span style=\"font-weight: 400;\"><img loading=\"lazy\" decoding=\"async\" class=\"alignnone size-medium wp-image-4062\" src=\"https:\/\/eurhena.eu\/wp-content\/uploads\/2025\/11\/logo_rvb_couleur_fond_blanc_principal-300x90.jpg\" alt=\"\" width=\"300\" height=\"90\" srcset=\"https:\/\/eurhena.eu\/wp-content\/uploads\/2025\/11\/logo_rvb_couleur_fond_blanc_principal-300x90.jpg 300w, https:\/\/eurhena.eu\/wp-content\/uploads\/2025\/11\/logo_rvb_couleur_fond_blanc_principal-1024x309.jpg 1024w, https:\/\/eurhena.eu\/wp-content\/uploads\/2025\/11\/logo_rvb_couleur_fond_blanc_principal-768x232.jpg 768w, https:\/\/eurhena.eu\/wp-content\/uploads\/2025\/11\/logo_rvb_couleur_fond_blanc_principal-1536x463.jpg 1536w, https:\/\/eurhena.eu\/wp-content\/uploads\/2025\/11\/logo_rvb_couleur_fond_blanc_principal.jpg 1903w\" sizes=\"auto, (max-width: 300px) 100vw, 300px\" \/>\u00a0<\/span><\/p>","protected":false},"excerpt":{"rendered":"<p>\ud83e\udd1d\u200bEine Idee f\u00fcr ein grenz\u00fcberschreitendes deutsch-franz\u00f6sisches Projekt im Bereich Kultur und \/ oder Tourismus?\u00a0 \u200b\ud83d\udcc5\u200bDer Eurodistrict Eurhena l\u00e4dt am 15. April 2026 von 16:00 Uhr bis 18:00 Uhr zu einer Informations- und Netzwerkveranstaltung zum Interreg Kleinprojektefonds Eurhena ACT &#8211; Art\/Culture\/Tourismus (europ\u00e4ischer Fonds) in Freiburg ein.\u00a0 Was konkret wird geboten? \u200b\u200b\u200b\u200b\u200b\u200b\ud83e\udd1d\u200b\u200b\u200b\u200b\ud83d\udccb Pr\u00e4sentation des Fonds Eurhena ACT: [&hellip;]<\/p>\n","protected":false},"author":3,"featured_media":4414,"comment_status":"closed","ping_status":"closed","sticky":false,"template":"","format":"standard","meta":{"_acf_changed":false,"_seopress_robots_primary_cat":"none","_seopress_titles_title":"","_seopress_titles_desc":"\u200bDer Eurodistrict Eurhena l\u00e4dt am 15. April 2026 von 16:00 Uhr bis 18:00 Uhr zu einer Informations- und Netzwerkveranstaltung zum Interreg Kleinprojektefonds Eurhena ACT - Art\/Culture\/Tourismus (europ\u00e4ischer Fonds) in Freiburg ein. Der Fonds Eurhena ACT wird vorgestellt und die Veranstaltung bietet die M\u00f6glichkeit zum Netzwerken.","_seopress_robots_index":"","inline_featured_image":false,"footnotes":""},"categories":[1],"tags":[],"class_list":["post-4415","post","type-post","status-publish","format-standard","has-post-thumbnail","hentry","category-non-classe"],"acf":[],"publishpress_future_workflow_manual_trigger":{"enabledWorkflows":[]},"_links":{"self":[{"href":"https:\/\/eurhena.eu\/de\/wp-json\/wp\/v2\/posts\/4415","targetHints":{"allow":["GET"]}}],"collection":[{"href":"https:\/\/eurhena.eu\/de\/wp-json\/wp\/v2\/posts"}],"about":[{"href":"https:\/\/eurhena.eu\/de\/wp-json\/wp\/v2\/types\/post"}],"author":[{"embeddable":true,"href":"https:\/\/eurhena.eu\/de\/wp-json\/wp\/v2\/users\/3"}],"replies":[{"embeddable":true,"href":"https:\/\/eurhena.eu\/de\/wp-json\/wp\/v2\/comments?post=4415"}],"version-history":[{"count":4,"href":"https:\/\/eurhena.eu\/de\/wp-json\/wp\/v2\/posts\/4415\/revisions"}],"predecessor-version":[{"id":4421,"href":"https:\/\/eurhena.eu\/de\/wp-json\/wp\/v2\/posts\/4415\/revisions\/4421"}],"wp:featuredmedia":[{"embeddable":true,"href":"https:\/\/eurhena.eu\/de\/wp-json\/wp\/v2\/media\/4414"}],"wp:attachment":[{"href":"https:\/\/eurhena.eu\/de\/wp-json\/wp\/v2\/media?parent=4415"}],"wp:term":[{"taxonomy":"category","embeddable":true,"href":"https:\/\/eurhena.eu\/de\/wp-json\/wp\/v2\/categories?post=4415"},{"taxonomy":"post_tag","embeddable":true,"href":"https:\/\/eurhena.eu\/de\/wp-json\/wp\/v2\/tags?post=4415"}],"curies":[{"name":"wp","href":"https:\/\/api.w.org\/{rel}","templated":true}]}}