{"id":3992,"date":"2025-10-20T12:40:16","date_gmt":"2025-10-20T10:40:16","guid":{"rendered":"https:\/\/eurhena.eu\/?p=3992"},"modified":"2025-10-20T12:40:16","modified_gmt":"2025-10-20T10:40:16","slug":"eurodistrict-eurhena-fete-son-cinquieme-anniversaire-et-lance-le-nouveau-fonds-eurhena-act-art-culture-tourismus-cofinance-par-le-programme-interreg-rhin-superieur","status":"publish","type":"post","link":"https:\/\/eurhena.eu\/de\/eurodistrict-eurhena-feiert-funfjahriges-bestehen-und-startet-neuen-fonds-eurhena-act-art-culture-tourismus-kofinanziert-durch-das-programm-interreg-oberrhein\/","title":{"rendered":"Eurodistrict Eurhena feiert f\u00fcnfj\u00e4hriges Bestehen und startet neuen Fonds Eurhena ACT \u2013 Art\/Culture\/Tourismus (kofinanziert durch das Programm Interreg Oberrhein)"},"content":{"rendered":"<p><strong>Colmar, 14. Oktober 2025<\/strong> \u2013 Im Rahmen seiner Versammlung in der Collectivit\u00e9 europ\u00e9enne d\u2019Alsace hat der Eurodistrict <em>Eurhena<\/em> sein f\u00fcnfj\u00e4hriges Bestehen gefeiert und zugleich den offiziellen Start eines neuen F\u00f6rderinstruments verk\u00fcndet: den <strong>Kleinprojektefonds Eurhena ACT \u2013 Art \/ Culture \/ Tourismus<\/strong>, kofinanziert durch das EU-Programm <strong>Interreg Oberrhein<\/strong>. Mit einem Gesamtbudget von <strong>300.000<\/strong><strong>\u202f<\/strong><strong>\u20ac<\/strong> soll der Fonds in den kommenden Jahren <strong>grenz\u00fcberschreitende Kultur- und Tourismusprojekte<\/strong> unterst\u00fctzen. Ziel ist es, lokale Akteure beiderseits des Rheins bei der Umsetzung kreativer Ideen zu begleiten und damit das gemeinsame Erbe und die touristische Attraktivit\u00e4t des Gebiets zu st\u00e4rken.<\/p>\n<p><strong>Pflichtkriterien auf einen Blick:<\/strong><\/p>\n<ul>\n<li>Projektlaufzeit: 6 bis 18 Monate<\/li>\n<li>Gesamtbudget: 15.000 \u20ac \u2013 80.000 \u20ac<\/li>\n<li>Antragsteller: juristische Personen<\/li>\n<li>Vorfinanzierungsf\u00e4higkeit des Projekts<\/li>\n<li>Umsetzung im Gebiet des Eurodistricts<\/li>\n<li>Nachweisbarer grenz\u00fcberschreitender Mehrwert<\/li>\n<li>Vereinbarkeit mit den Zielen des Fonds (das nat\u00fcrliche oder kulturelle Erbe aufwerten, neue kulturelle oder touristische Angebote schaffen oder kulturelle und touristische Wertsch\u00f6pfungsketten strukturieren)<\/li>\n<\/ul>\n<p>Informationen zu dem Fonds und den weiteren F\u00f6rderkriterien werden demn\u00e4chst auf folgender Internetseite ver\u00f6ffentlicht: <a href=\"https:\/\/eurhena.eu\/de\/aufbauen\/fonds-eurhena-act-art-culture-tourismus-kofinanziert-von-interreg-oberrhein\/\">https:\/\/eurhena.eu\/de\/aufbauen\/fonds-eurhena-act-art-culture-tourismus-kofinanziert-von-interreg-oberrhein\/<\/a><\/p>\n<p><img loading=\"lazy\" decoding=\"async\" class=\"alignnone size-medium wp-image-3788\" src=\"https:\/\/eurhena.eu\/wp-content\/uploads\/2025\/07\/logo_rgb_farbfassung_weiss_hauptversion-300x90.jpg\" alt=\"\" width=\"300\" height=\"90\" srcset=\"https:\/\/eurhena.eu\/wp-content\/uploads\/2025\/07\/logo_rgb_farbfassung_weiss_hauptversion-300x90.jpg 300w, https:\/\/eurhena.eu\/wp-content\/uploads\/2025\/07\/logo_rgb_farbfassung_weiss_hauptversion-1024x309.jpg 1024w, https:\/\/eurhena.eu\/wp-content\/uploads\/2025\/07\/logo_rgb_farbfassung_weiss_hauptversion-768x232.jpg 768w, https:\/\/eurhena.eu\/wp-content\/uploads\/2025\/07\/logo_rgb_farbfassung_weiss_hauptversion-1536x463.jpg 1536w, https:\/\/eurhena.eu\/wp-content\/uploads\/2025\/07\/logo_rgb_farbfassung_weiss_hauptversion.jpg 1903w\" sizes=\"auto, (max-width: 300px) 100vw, 300px\" \/><\/p>\n<p>Der Eurodistrict Eurhena wurde 2020 als <strong>Europ\u00e4ischer Verbund f\u00fcr territoriale Zusammenarbeit (EVTZ)<\/strong> gegr\u00fcndet und z\u00e4hlt heute neun deutsche und franz\u00f6sische Gebietsk\u00f6rperschaften zu seinen Mitgliedern.\u00a0Neben seiner Rolle als F\u00f6rderer grenz\u00fcberschreitender Projekte hat der Eurodistrict in den letzten Jahren auch innovative, kreative und nachhaltige Initiativen auf die Beine gestellt. Diese beinhalten unter anderem ein gemeinsames Picknick auf der Rheininsel (\u201eAlle in blau\u201c) mit \u00fcber 2000 Teilnehmern, j\u00e4hrliche Jugendcamps rund um das Thema Wasser (bereits 3 Ausgaben) und die Beatus Tour \u2013 eine Buch-Bus-Reise durch den Eurodistrict. Die erste Etappe fand am 14. Mai 2025 statt und die n\u00e4chste folgt am 18. November 2025. Anmeldungen und Informationsanfragen dazu per E-Mail an <a href=\"mailto:event.eurodistrict@eurhena.eu\">event.eurodistrict@eurhena.eu<\/a><\/p>\n<p>N\u00e4here Informationen zum Eurodistrict finden Sie im <a href=\"https:\/\/eurhena.eu\/wp-content\/uploads\/2025\/10\/20251014-point-7-annexe-rapport-dactivite-tatigkeitsbericht-2025.pdf\">T\u00e4tigkeitsbericht 2025 <\/a>des Eurodistricts und in der beiliegenden <a href=\"https:\/\/eurhena.eu\/wp-content\/uploads\/2025\/10\/pressemitteilung-versammlung-eurodistrict-14-oktober-2025-colmar-de.pdf\">Pressemitteilung<\/a>.<\/p>\n<p><em>Bildmaterial: Foto der Versammlung in der Collectivit\u00e9 europ\u00e9enne d\u2019Alsace in Colmar mit dem Pr\u00e4sidenten des Eurodistricts, Hanno Hurth (5. Person von rechts), dem Vizepr\u00e4sidenten, Roland Onimus (3.Person von rechts) und der Generalsekret\u00e4rin, Delphine Mann (4. Person von rechts) \u2013 Foto Eurodistrict<\/em><\/p>","protected":false},"excerpt":{"rendered":"<p>Colmar, 14. Oktober 2025 \u2013 Im Rahmen seiner Versammlung in der Collectivit\u00e9 europ\u00e9enne d\u2019Alsace hat der Eurodistrict Eurhena sein f\u00fcnfj\u00e4hriges Bestehen gefeiert und zugleich den offiziellen Start eines neuen F\u00f6rderinstruments verk\u00fcndet: den Kleinprojektefonds Eurhena ACT \u2013 Art \/ Culture \/ Tourismus, kofinanziert durch das EU-Programm Interreg Oberrhein. Mit einem Gesamtbudget von 300.000\u202f\u20ac soll der Fonds [&hellip;]<\/p>\n","protected":false},"author":3,"featured_media":3991,"comment_status":"closed","ping_status":"closed","sticky":false,"template":"","format":"standard","meta":{"_acf_changed":false,"_seopress_robots_primary_cat":"none","_seopress_titles_title":"","_seopress_titles_desc":"","_seopress_robots_index":"","inline_featured_image":false,"footnotes":""},"categories":[1],"tags":[],"class_list":["post-3992","post","type-post","status-publish","format-standard","has-post-thumbnail","hentry","category-non-classe"],"acf":[],"publishpress_future_workflow_manual_trigger":{"enabledWorkflows":[]},"_links":{"self":[{"href":"https:\/\/eurhena.eu\/de\/wp-json\/wp\/v2\/posts\/3992","targetHints":{"allow":["GET"]}}],"collection":[{"href":"https:\/\/eurhena.eu\/de\/wp-json\/wp\/v2\/posts"}],"about":[{"href":"https:\/\/eurhena.eu\/de\/wp-json\/wp\/v2\/types\/post"}],"author":[{"embeddable":true,"href":"https:\/\/eurhena.eu\/de\/wp-json\/wp\/v2\/users\/3"}],"replies":[{"embeddable":true,"href":"https:\/\/eurhena.eu\/de\/wp-json\/wp\/v2\/comments?post=3992"}],"version-history":[{"count":6,"href":"https:\/\/eurhena.eu\/de\/wp-json\/wp\/v2\/posts\/3992\/revisions"}],"predecessor-version":[{"id":4003,"href":"https:\/\/eurhena.eu\/de\/wp-json\/wp\/v2\/posts\/3992\/revisions\/4003"}],"wp:featuredmedia":[{"embeddable":true,"href":"https:\/\/eurhena.eu\/de\/wp-json\/wp\/v2\/media\/3991"}],"wp:attachment":[{"href":"https:\/\/eurhena.eu\/de\/wp-json\/wp\/v2\/media?parent=3992"}],"wp:term":[{"taxonomy":"category","embeddable":true,"href":"https:\/\/eurhena.eu\/de\/wp-json\/wp\/v2\/categories?post=3992"},{"taxonomy":"post_tag","embeddable":true,"href":"https:\/\/eurhena.eu\/de\/wp-json\/wp\/v2\/tags?post=3992"}],"curies":[{"name":"wp","href":"https:\/\/api.w.org\/{rel}","templated":true}]}}