{"id":3981,"date":"2025-10-15T14:11:35","date_gmt":"2025-10-15T12:11:35","guid":{"rendered":"https:\/\/eurhena.eu\/?p=3981"},"modified":"2025-10-15T14:11:35","modified_gmt":"2025-10-15T12:11:35","slug":"forum-trinational-de-la-jeunesse-a-bale-le-22-novembre-2025","status":"publish","type":"post","link":"https:\/\/eurhena.eu\/de\/trinationales-jugendforum-in-basel-am-22-november-2025\/","title":{"rendered":"Trinationales Jugendforum in Basel am 22. November 2025"},"content":{"rendered":"<p>der Eurodistrict Eurhena Region Freiburg -Centre et Sud Alsace m\u00f6chte auf eine spannende Veranstaltung aufmerksam machen!<\/p>\n<p>Am <strong>Samstag, 22. November 2025<\/strong> findet das <strong>Trinationale Jugendforum im Rathaus in Basel<\/strong> statt.<\/p>\n<p>M\u00f6chtest Du Dich mit anderen jungen Menschen aus dem Oberrheingebiet austauschen? Die Politik, die grenz\u00fcberschreitende Zusammenarbeit und das Thema Jugendpartizipation interessieren Dich?<\/p>\n<p>Am diesj\u00e4hrigen Jugendforum k\u00f6nnen alle zwischen 15 und 26 Jahren teilnehmen. Das Jugendforum wird den ganzen Tag stattfinden. F\u00fcr das leibliche Wohl ist gesorgt und die Teilnahme ist gratis. Informationen zum letztj\u00e4hrigen Jugendforum in Karlsruhe findest Du <a href=\"https:\/\/www.oberrheinkonferenz.org\/de\/jugend\/uebersicht-news\/aktuelle-informationen\/der-jugend-eine-stimme-gegeben-rueckblick-auf-das-trinationale-jugendforum-2024-in-karlsruhe.html\">hier<\/a>. Das Trinationale Jugendforum wird von der <a href=\"https:\/\/www.oberrheinkonferenz.org\/de\/jugend\/uebersicht-news\/aktuelle-informationen\/der-jugend-eine-stimme-gegeben-rueckblick-auf-das-trinationale-jugendforum-2024-in-karlsruhe.html\">Deutsch-Franz\u00f6sisch-Schweizerischen Oberrheinkonferenz<\/a> durchgef\u00fchrt.<\/p>\n<p>Die Anmeldung ist bis zum 8. November 2025 unter diesem <a href=\"https:\/\/linktr.ee\/jugendforumoberrhein\">Link<\/a> m\u00f6glich.<\/p>\n<p>Bei Fragen steht Dir Stephanie Elfgang vom Regierungspr\u00e4sidium Karlsruhe unter <a href=\"mailto:stephanie.elfgang@rpk.bwl.de\">stephanie.elfgang@rpk.bwl.de<\/a> oder +49 721 926 7435 zu Verf\u00fcgung.<\/p>\n<p>&nbsp;<\/p>","protected":false},"excerpt":{"rendered":"<p>der Eurodistrict Eurhena Region Freiburg -Centre et Sud Alsace m\u00f6chte auf eine spannende Veranstaltung aufmerksam machen! Am Samstag, 22. November 2025 findet das Trinationale Jugendforum im Rathaus in Basel statt. M\u00f6chtest Du Dich mit anderen jungen Menschen aus dem Oberrheingebiet austauschen? Die Politik, die grenz\u00fcberschreitende Zusammenarbeit und das Thema Jugendpartizipation interessieren Dich? Am diesj\u00e4hrigen Jugendforum [&hellip;]<\/p>\n","protected":false},"author":3,"featured_media":3985,"comment_status":"closed","ping_status":"closed","sticky":false,"template":"","format":"standard","meta":{"_acf_changed":false,"_seopress_robots_primary_cat":"none","_seopress_titles_title":"","_seopress_titles_desc":"Le Forum trinational de la jeunesse aura lieu le samedi 22 novembre 2025 au H\u00f4tel de Ville (Rathaus) \u00e0 B\u00e2le. Ce forum est organis\u00e9 par le conf\u00e9rence franco-germano-suisse et s'adresse aux jeunes adultes de l'\u00e2ge de 15 \u00e0 26 ans.","_seopress_robots_index":"","inline_featured_image":false,"footnotes":""},"categories":[1],"tags":[],"class_list":["post-3981","post","type-post","status-publish","format-standard","has-post-thumbnail","hentry","category-non-classe"],"acf":[],"publishpress_future_workflow_manual_trigger":{"enabledWorkflows":[]},"_links":{"self":[{"href":"https:\/\/eurhena.eu\/de\/wp-json\/wp\/v2\/posts\/3981","targetHints":{"allow":["GET"]}}],"collection":[{"href":"https:\/\/eurhena.eu\/de\/wp-json\/wp\/v2\/posts"}],"about":[{"href":"https:\/\/eurhena.eu\/de\/wp-json\/wp\/v2\/types\/post"}],"author":[{"embeddable":true,"href":"https:\/\/eurhena.eu\/de\/wp-json\/wp\/v2\/users\/3"}],"replies":[{"embeddable":true,"href":"https:\/\/eurhena.eu\/de\/wp-json\/wp\/v2\/comments?post=3981"}],"version-history":[{"count":2,"href":"https:\/\/eurhena.eu\/de\/wp-json\/wp\/v2\/posts\/3981\/revisions"}],"predecessor-version":[{"id":3986,"href":"https:\/\/eurhena.eu\/de\/wp-json\/wp\/v2\/posts\/3981\/revisions\/3986"}],"wp:featuredmedia":[{"embeddable":true,"href":"https:\/\/eurhena.eu\/de\/wp-json\/wp\/v2\/media\/3985"}],"wp:attachment":[{"href":"https:\/\/eurhena.eu\/de\/wp-json\/wp\/v2\/media?parent=3981"}],"wp:term":[{"taxonomy":"category","embeddable":true,"href":"https:\/\/eurhena.eu\/de\/wp-json\/wp\/v2\/categories?post=3981"},{"taxonomy":"post_tag","embeddable":true,"href":"https:\/\/eurhena.eu\/de\/wp-json\/wp\/v2\/tags?post=3981"}],"curies":[{"name":"wp","href":"https:\/\/api.w.org\/{rel}","templated":true}]}}