{"id":3975,"date":"2025-10-15T11:02:21","date_gmt":"2025-10-15T09:02:21","guid":{"rendered":"https:\/\/eurhena.eu\/?p=3975"},"modified":"2025-10-15T11:02:21","modified_gmt":"2025-10-15T09:02:21","slug":"journee-dinformation-transfrontaliere-infobest-le-13-11-2025-a-vogelgrun-breisach","status":"publish","type":"post","link":"https:\/\/eurhena.eu\/de\/grenzgangersprechtag-am-13-11-25-in-vogelgrun-breisach\/","title":{"rendered":"Grenzg\u00e4ngersprechtag am 13.11.25 in Vogelgrun\/Breisach"},"content":{"rendered":"<p><\/p>\n<p data-start=\"43\" data-end=\"290\">INFOBEST organisiert zweimal j\u00e4hrlich diesen Tag in Zusammenarbeit mit verschiedenen Verwaltungen und Kassen beider L\u00e4nder. Diese bieten dort Sprechstunden an, f\u00fcr die Interessierte im Voraus individuelle und kostenlose Termine vereinbaren m\u00fcssen.<\/p>\n<p data-start=\"292\" data-end=\"396\">F\u00fcr weitere Informationen und Anmeldungen (m\u00f6glich vom 13.10. bis 06.11.2025) wenden Sie sich bitte an INFOBEST:<\/p>\n<p data-start=\"398\" data-end=\"489\">Tel. F: 0033 (0)3.89.72.04.63<br data-start=\"427\" data-end=\"430\" \/>Tel. D: 0049 (0)7667\/83299<br data-start=\"456\" data-end=\"459\" \/><a class=\"decorated-link cursor-pointer\" rel=\"noopener\" data-start=\"459\" data-end=\"489\">vogelgrun-breisach@infobest.eu<\/a><\/p>\n<p data-start=\"491\" data-end=\"542\">Weitere Informationen finden Sie unter diesem Link : <a href=\"https:\/\/eurhena.eu\/wp-content\/uploads\/2025\/10\/flyer_jit_13.11.2025.pdf\">Flyer_JIT_13.11.2025<\/a><\/p>\n<p><\/p>","protected":false},"excerpt":{"rendered":"<p>INFOBEST organisiert zweimal j\u00e4hrlich diesen Tag in Zusammenarbeit mit verschiedenen Verwaltungen und Kassen beider L\u00e4nder. Diese bieten dort Sprechstunden an, f\u00fcr die Interessierte im Voraus individuelle und kostenlose Termine vereinbaren m\u00fcssen. F\u00fcr weitere Informationen und Anmeldungen (m\u00f6glich vom 13.10. bis 06.11.2025) wenden Sie sich bitte an INFOBEST: Tel. F: 0033 (0)3.89.72.04.63Tel. D: 0049 (0)7667\/83299vogelgrun-breisach@infobest.eu Weitere [&hellip;]<\/p>\n","protected":false},"author":3,"featured_media":1810,"comment_status":"closed","ping_status":"closed","sticky":false,"template":"","format":"standard","meta":{"_acf_changed":false,"_seopress_robots_primary_cat":"none","_seopress_titles_title":"","_seopress_titles_desc":"INFOBEST organisiert zweimal j\u00e4hrlich diesen Tag in Zusammenarbeit mit verschiedenen Verwaltungen und Kassen beider L\u00e4nder. Diese bieten dort Sprechstunden an, f\u00fcr die Interessierte im Voraus individuelle und kostenlose Termine vereinbaren m\u00fcssen. Der n\u00e4chste Termin ist der 13.11.25. Anmeldungen sind bereits m\u00f6glich.","_seopress_robots_index":"","inline_featured_image":false,"footnotes":""},"categories":[1],"tags":[],"class_list":["post-3975","post","type-post","status-publish","format-standard","has-post-thumbnail","hentry","category-non-classe"],"acf":[],"publishpress_future_workflow_manual_trigger":{"enabledWorkflows":[]},"_links":{"self":[{"href":"https:\/\/eurhena.eu\/de\/wp-json\/wp\/v2\/posts\/3975","targetHints":{"allow":["GET"]}}],"collection":[{"href":"https:\/\/eurhena.eu\/de\/wp-json\/wp\/v2\/posts"}],"about":[{"href":"https:\/\/eurhena.eu\/de\/wp-json\/wp\/v2\/types\/post"}],"author":[{"embeddable":true,"href":"https:\/\/eurhena.eu\/de\/wp-json\/wp\/v2\/users\/3"}],"replies":[{"embeddable":true,"href":"https:\/\/eurhena.eu\/de\/wp-json\/wp\/v2\/comments?post=3975"}],"version-history":[{"count":2,"href":"https:\/\/eurhena.eu\/de\/wp-json\/wp\/v2\/posts\/3975\/revisions"}],"predecessor-version":[{"id":3980,"href":"https:\/\/eurhena.eu\/de\/wp-json\/wp\/v2\/posts\/3975\/revisions\/3980"}],"wp:featuredmedia":[{"embeddable":true,"href":"https:\/\/eurhena.eu\/de\/wp-json\/wp\/v2\/media\/1810"}],"wp:attachment":[{"href":"https:\/\/eurhena.eu\/de\/wp-json\/wp\/v2\/media?parent=3975"}],"wp:term":[{"taxonomy":"category","embeddable":true,"href":"https:\/\/eurhena.eu\/de\/wp-json\/wp\/v2\/categories?post=3975"},{"taxonomy":"post_tag","embeddable":true,"href":"https:\/\/eurhena.eu\/de\/wp-json\/wp\/v2\/tags?post=3975"}],"curies":[{"name":"wp","href":"https:\/\/api.w.org\/{rel}","templated":true}]}}