{"id":3961,"date":"2025-10-08T09:00:54","date_gmt":"2025-10-08T07:00:54","guid":{"rendered":"https:\/\/eurhena.eu\/?p=3961"},"modified":"2025-10-22T09:55:29","modified_gmt":"2025-10-22T07:55:29","slug":"important-nouvelles-coordonnees-du-secretariat-de-leurodistrict-eurhena-region-freiburg-centre-et-sud-alsace","status":"publish","type":"post","link":"https:\/\/eurhena.eu\/de\/wichtig-neue-kontaktdaten-der-geschaftsstelle-des-eurodistricts-eurhena-region-freiburg-centre-et-sud-alsace\/","title":{"rendered":"WICHTIG: Neue Kontaktdaten der Gesch\u00e4ftsstelle des Eurodistricts Eurhena Region Freiburg \u2013 Centre et Sud Alsace"},"content":{"rendered":"<p>Hiermit m\u00f6chte die Gesch\u00e4ftsstelle des Eurodistrict Eurhenas Sie \u00fcber unsere neuen E-Mail-Adressen informieren. Ab sofort k\u00f6nnen Sie uns unter folgenden Adressen erreichen:<\/p>\n<ul>\n<li>Delphine Mann, Generalsekret\u00e4rin: mann_eurodistrict@eurhena.eu<\/li>\n<li>Natalie Reiter, Projektbeauftragte: reiter_eurodistrict@eurhena.eu<\/li>\n<li>Olga Hetze, Projektbeauftragte: hetze_eurodistrict@eurhena.eu<\/li>\n<\/ul>\n<p>Haben Sie Fragen oder Anliegen bez\u00fcglich unseres neuen Kleinprojektefonds Eurhena ACT (kofinanziert durch das Interreg Oberrhein Programm)?<br \/>\n<a href=\"mailto:fonds.eurodistrict@eurhena.eu\">fonds.eurodistrict@eurhena.eu<\/a><\/p>\n<p><img loading=\"lazy\" decoding=\"async\" class=\"alignnone size-medium wp-image-3788\" src=\"https:\/\/eurhena.eu\/wp-content\/uploads\/2025\/07\/logo_rgb_farbfassung_weiss_hauptversion-300x90.jpg\" alt=\"\" width=\"300\" height=\"90\" srcset=\"https:\/\/eurhena.eu\/wp-content\/uploads\/2025\/07\/logo_rgb_farbfassung_weiss_hauptversion-300x90.jpg 300w, https:\/\/eurhena.eu\/wp-content\/uploads\/2025\/07\/logo_rgb_farbfassung_weiss_hauptversion-1024x309.jpg 1024w, https:\/\/eurhena.eu\/wp-content\/uploads\/2025\/07\/logo_rgb_farbfassung_weiss_hauptversion-768x232.jpg 768w, https:\/\/eurhena.eu\/wp-content\/uploads\/2025\/07\/logo_rgb_farbfassung_weiss_hauptversion-1536x463.jpg 1536w, https:\/\/eurhena.eu\/wp-content\/uploads\/2025\/07\/logo_rgb_farbfassung_weiss_hauptversion.jpg 1903w\" sizes=\"auto, (max-width: 300px) 100vw, 300px\" \/><\/p>\n<p>Wichtiger Hinweis: Die Unterlagen zur Antragstellung einer F\u00f6rderung sind ab Mitte Oktober auf unserer Webseite verf\u00fcgbar: https:\/\/eurhena.eu\/de\/aufbauen\/fonds-eurhena-act-art-culture-tourismus-kofinanziert-von-interreg-oberrhein\/<\/p>\n<p>Haben Sie Fragen oder Anliegen zu unseren aktuellen Projekten (z. B. der Beatus-Tour) oder unserer \u00d6ffentlichkeitsarbeit?<br \/>\nevent.eurodistrict@eurhena.eu<\/p>\n<p>Haben Sie Fragen oder Anliegen bez\u00fcglich unserer Gesch\u00e4ftsf\u00fchrung oder der Pr\u00e4sidentschaft des Eurodistricts?<br \/>\ndirection.eurodistrict@eurhena.eu<\/p>","protected":false},"excerpt":{"rendered":"<p>Hiermit m\u00f6chte die Gesch\u00e4ftsstelle des Eurodistrict Eurhenas Sie \u00fcber unsere neuen E-Mail-Adressen informieren. Ab sofort k\u00f6nnen Sie uns unter folgenden Adressen erreichen: Delphine Mann, Generalsekret\u00e4rin: mann_eurodistrict@eurhena.eu Natalie Reiter, Projektbeauftragte: reiter_eurodistrict@eurhena.eu Olga Hetze, Projektbeauftragte: hetze_eurodistrict@eurhena.eu Haben Sie Fragen oder Anliegen bez\u00fcglich unseres neuen Kleinprojektefonds Eurhena ACT (kofinanziert durch das Interreg Oberrhein Programm)? fonds.eurodistrict@eurhena.eu Wichtiger Hinweis: Die [&hellip;]<\/p>\n","protected":false},"author":3,"featured_media":3883,"comment_status":"closed","ping_status":"closed","sticky":false,"template":"","format":"standard","meta":{"_acf_changed":false,"_seopress_robots_primary_cat":"none","_seopress_titles_title":"","_seopress_titles_desc":"Le secr\u00e9teriat de l'Eurodistrict Eurhena a chang\u00e9 des adresses mails. Toutes les informations sont disponible sur la page Internet et les r\u00e9seaux sociaux.","_seopress_robots_index":"","inline_featured_image":false,"footnotes":""},"categories":[1],"tags":[],"class_list":["post-3961","post","type-post","status-publish","format-standard","has-post-thumbnail","hentry","category-non-classe"],"acf":[],"publishpress_future_workflow_manual_trigger":{"enabledWorkflows":[]},"_links":{"self":[{"href":"https:\/\/eurhena.eu\/de\/wp-json\/wp\/v2\/posts\/3961","targetHints":{"allow":["GET"]}}],"collection":[{"href":"https:\/\/eurhena.eu\/de\/wp-json\/wp\/v2\/posts"}],"about":[{"href":"https:\/\/eurhena.eu\/de\/wp-json\/wp\/v2\/types\/post"}],"author":[{"embeddable":true,"href":"https:\/\/eurhena.eu\/de\/wp-json\/wp\/v2\/users\/3"}],"replies":[{"embeddable":true,"href":"https:\/\/eurhena.eu\/de\/wp-json\/wp\/v2\/comments?post=3961"}],"version-history":[{"count":5,"href":"https:\/\/eurhena.eu\/de\/wp-json\/wp\/v2\/posts\/3961\/revisions"}],"predecessor-version":[{"id":4005,"href":"https:\/\/eurhena.eu\/de\/wp-json\/wp\/v2\/posts\/3961\/revisions\/4005"}],"wp:featuredmedia":[{"embeddable":true,"href":"https:\/\/eurhena.eu\/de\/wp-json\/wp\/v2\/media\/3883"}],"wp:attachment":[{"href":"https:\/\/eurhena.eu\/de\/wp-json\/wp\/v2\/media?parent=3961"}],"wp:term":[{"taxonomy":"category","embeddable":true,"href":"https:\/\/eurhena.eu\/de\/wp-json\/wp\/v2\/categories?post=3961"},{"taxonomy":"post_tag","embeddable":true,"href":"https:\/\/eurhena.eu\/de\/wp-json\/wp\/v2\/tags?post=3961"}],"curies":[{"name":"wp","href":"https:\/\/api.w.org\/{rel}","templated":true}]}}