{"id":3919,"date":"2025-09-16T16:19:56","date_gmt":"2025-09-16T14:19:56","guid":{"rendered":"https:\/\/eurhena.eu\/?p=3919"},"modified":"2025-09-16T16:19:56","modified_gmt":"2025-09-16T14:19:56","slug":"un-bel-echange-entre-les-villes-de-mulhouse-et-fribourg","status":"publish","type":"post","link":"https:\/\/eurhena.eu\/de\/ein-schoner-austausch-zwischen-den-stadten-mulhouse-und-freiburg\/","title":{"rendered":"Ein sch\u00f6ner Austausch zwischen den St\u00e4dten Mulhouse und Freiburg!"},"content":{"rendered":"<p>Am Montag, den 15. September 2025, war der Eurodistrict <em>Eurhena<\/em> zu Gast beim 16. Treffen der Gemeinder\u00e4te von Freiburg und Mulhouse \u2013 im beeindruckenden Freiburger Rathaus<\/p>\n<p>Wir haben uns sehr gefreut, in diesem inspirierenden Rahmen die Arbeit unseres Eurodistricts sowie den neuen Kleinprojektefonds <em>Eurhena ACT \u2013 Art\/Culture\/Tourismus<\/em> (kofinanziert durch das Programm Interreg Oberrhein) kurz vorstellen zu d\u00fcrfen.<\/p>\n<p>Vielen Dank an Herrn Oberb\u00fcrgermeister der Stadt Freiburg Martin Horn f\u00fcr die Einladung zu diesem sch\u00f6nen grenz\u00fcberschreitenden Zusammensein!<\/p>\n<p><img loading=\"lazy\" decoding=\"async\" class=\"alignnone size-medium wp-image-3788\" src=\"https:\/\/eurhena.eu\/wp-content\/uploads\/2025\/07\/logo_rgb_farbfassung_weiss_hauptversion-300x90.jpg\" alt=\"\" width=\"300\" height=\"90\" srcset=\"https:\/\/eurhena.eu\/wp-content\/uploads\/2025\/07\/logo_rgb_farbfassung_weiss_hauptversion-300x90.jpg 300w, https:\/\/eurhena.eu\/wp-content\/uploads\/2025\/07\/logo_rgb_farbfassung_weiss_hauptversion-1024x309.jpg 1024w, https:\/\/eurhena.eu\/wp-content\/uploads\/2025\/07\/logo_rgb_farbfassung_weiss_hauptversion-768x232.jpg 768w, https:\/\/eurhena.eu\/wp-content\/uploads\/2025\/07\/logo_rgb_farbfassung_weiss_hauptversion-1536x463.jpg 1536w, https:\/\/eurhena.eu\/wp-content\/uploads\/2025\/07\/logo_rgb_farbfassung_weiss_hauptversion.jpg 1903w\" sizes=\"auto, (max-width: 300px) 100vw, 300px\" \/><\/p>","protected":false},"excerpt":{"rendered":"<p>Am Montag, den 15. September 2025, war der Eurodistrict Eurhena zu Gast beim 16. Treffen der Gemeinder\u00e4te von Freiburg und Mulhouse \u2013 im beeindruckenden Freiburger Rathaus Wir haben uns sehr gefreut, in diesem inspirierenden Rahmen die Arbeit unseres Eurodistricts sowie den neuen Kleinprojektefonds Eurhena ACT \u2013 Art\/Culture\/Tourismus (kofinanziert durch das Programm Interreg Oberrhein) kurz vorstellen [&hellip;]<\/p>\n","protected":false},"author":3,"featured_media":3918,"comment_status":"closed","ping_status":"closed","sticky":false,"template":"","format":"standard","meta":{"_acf_changed":false,"_seopress_robots_primary_cat":"none","_seopress_titles_title":"","_seopress_titles_desc":"","_seopress_robots_index":"","inline_featured_image":false,"footnotes":""},"categories":[1],"tags":[],"class_list":["post-3919","post","type-post","status-publish","format-standard","has-post-thumbnail","hentry","category-non-classe"],"acf":[],"publishpress_future_workflow_manual_trigger":{"enabledWorkflows":[]},"_links":{"self":[{"href":"https:\/\/eurhena.eu\/de\/wp-json\/wp\/v2\/posts\/3919","targetHints":{"allow":["GET"]}}],"collection":[{"href":"https:\/\/eurhena.eu\/de\/wp-json\/wp\/v2\/posts"}],"about":[{"href":"https:\/\/eurhena.eu\/de\/wp-json\/wp\/v2\/types\/post"}],"author":[{"embeddable":true,"href":"https:\/\/eurhena.eu\/de\/wp-json\/wp\/v2\/users\/3"}],"replies":[{"embeddable":true,"href":"https:\/\/eurhena.eu\/de\/wp-json\/wp\/v2\/comments?post=3919"}],"version-history":[{"count":1,"href":"https:\/\/eurhena.eu\/de\/wp-json\/wp\/v2\/posts\/3919\/revisions"}],"predecessor-version":[{"id":3922,"href":"https:\/\/eurhena.eu\/de\/wp-json\/wp\/v2\/posts\/3919\/revisions\/3922"}],"wp:featuredmedia":[{"embeddable":true,"href":"https:\/\/eurhena.eu\/de\/wp-json\/wp\/v2\/media\/3918"}],"wp:attachment":[{"href":"https:\/\/eurhena.eu\/de\/wp-json\/wp\/v2\/media?parent=3919"}],"wp:term":[{"taxonomy":"category","embeddable":true,"href":"https:\/\/eurhena.eu\/de\/wp-json\/wp\/v2\/categories?post=3919"},{"taxonomy":"post_tag","embeddable":true,"href":"https:\/\/eurhena.eu\/de\/wp-json\/wp\/v2\/tags?post=3919"}],"curies":[{"name":"wp","href":"https:\/\/api.w.org\/{rel}","templated":true}]}}