{"id":3912,"date":"2025-09-16T09:27:24","date_gmt":"2025-09-16T07:27:24","guid":{"rendered":"https:\/\/eurhena.eu\/?p=3912"},"modified":"2025-09-16T09:27:24","modified_gmt":"2025-09-16T07:27:24","slug":"une-visite-guidee-differente-borderwalk-dinfobest-4-0","status":"publish","type":"post","link":"https:\/\/eurhena.eu\/de\/stadtfuhrung-mal-anders-borderwalk-von-infobest-4-0-rappel_une-visite-guidee-differente-borderwalk-dinfobest-4-0-boite-de-reception-verbreitung-kommunikation\/","title":{"rendered":"Stadtf\u00fchrung mal anders: Borderwalk von INFOBEST 4.0 | Rappel_"},"content":{"rendered":"<p>\ud83d\udce2Am Samstag, 20. September 2025, l\u00e4dt das Interreg-Projekt INFOBEST 4.0 von 13:30 bis 17:30 Uhr zu einer besonderen Stadtf\u00fchrung zwischen Kehl und Stra\u00dfburg ein.<\/p>\n<p>\ud83c\udf0a Zu Fu\u00df geht es von der Hochschule f\u00fcr \u00f6ffentliche Verwaltung Kehl \u00fcber die Passerelle des Deux Rives nach Stra\u00dfburg (3,2 km)\u2013 begleitet von spannenden Einblicken in das Leben unserer grenz\u00fcberschreitenden Region. Die R\u00fcckfahrt erfolgt bequem mit der Stra\u00dfenbahn.<\/p>\n<p>\ud83d\udcbb Zur\u00fcck in Kehl pr\u00e4sentiert das Projektteam den neuen B\u00fcrger-PC: ein Service, mit dem B\u00fcrgerinnen und B\u00fcrger grenz\u00fcberschreitende Antr\u00e4ge digital ausf\u00fcllen k\u00f6nnen \u2013 bei Bedarf unterst\u00fctzt durch geschulte Fachkr\u00e4fte. Zum Ausklang gibt es ein Buffet.<br \/>\n\ud83d\udcdd Anmeldung: <a class=\"mdpAqWXcsYVoLayGsqIUZitQXyigbdUOLEI \" tabindex=\"0\" href=\"https:\/\/lnkd.in\/eTmKrq6R\" target=\"_self\" data-test-app-aware-link=\"\">https:\/\/lnkd.in\/eTmKrq6R<\/a><br \/>\n\ud83d\udca1 Weitere Informationen: <a class=\"mdpAqWXcsYVoLayGsqIUZitQXyigbdUOLEI \" tabindex=\"0\" href=\"https:\/\/lnkd.in\/eXtz2uEP\" target=\"_self\" data-test-app-aware-link=\"\">https:\/\/lnkd.in\/eXtz2uEP<\/a><\/p>","protected":false},"excerpt":{"rendered":"<p>\ud83d\udce2Am Samstag, 20. September 2025, l\u00e4dt das Interreg-Projekt INFOBEST 4.0 von 13:30 bis 17:30 Uhr zu einer besonderen Stadtf\u00fchrung zwischen Kehl und Stra\u00dfburg ein. \ud83c\udf0a Zu Fu\u00df geht es von der Hochschule f\u00fcr \u00f6ffentliche Verwaltung Kehl \u00fcber die Passerelle des Deux Rives nach Stra\u00dfburg (3,2 km)\u2013 begleitet von spannenden Einblicken in das Leben unserer grenz\u00fcberschreitenden [&hellip;]<\/p>\n","protected":false},"author":3,"featured_media":3911,"comment_status":"closed","ping_status":"closed","sticky":false,"template":"","format":"standard","meta":{"_acf_changed":false,"_seopress_robots_primary_cat":"none","_seopress_titles_title":"","_seopress_titles_desc":"","_seopress_robots_index":"","inline_featured_image":false,"footnotes":""},"categories":[1],"tags":[],"class_list":["post-3912","post","type-post","status-publish","format-standard","has-post-thumbnail","hentry","category-non-classe"],"acf":[],"publishpress_future_workflow_manual_trigger":{"enabledWorkflows":[]},"_links":{"self":[{"href":"https:\/\/eurhena.eu\/de\/wp-json\/wp\/v2\/posts\/3912","targetHints":{"allow":["GET"]}}],"collection":[{"href":"https:\/\/eurhena.eu\/de\/wp-json\/wp\/v2\/posts"}],"about":[{"href":"https:\/\/eurhena.eu\/de\/wp-json\/wp\/v2\/types\/post"}],"author":[{"embeddable":true,"href":"https:\/\/eurhena.eu\/de\/wp-json\/wp\/v2\/users\/3"}],"replies":[{"embeddable":true,"href":"https:\/\/eurhena.eu\/de\/wp-json\/wp\/v2\/comments?post=3912"}],"version-history":[{"count":2,"href":"https:\/\/eurhena.eu\/de\/wp-json\/wp\/v2\/posts\/3912\/revisions"}],"predecessor-version":[{"id":3917,"href":"https:\/\/eurhena.eu\/de\/wp-json\/wp\/v2\/posts\/3912\/revisions\/3917"}],"wp:featuredmedia":[{"embeddable":true,"href":"https:\/\/eurhena.eu\/de\/wp-json\/wp\/v2\/media\/3911"}],"wp:attachment":[{"href":"https:\/\/eurhena.eu\/de\/wp-json\/wp\/v2\/media?parent=3912"}],"wp:term":[{"taxonomy":"category","embeddable":true,"href":"https:\/\/eurhena.eu\/de\/wp-json\/wp\/v2\/categories?post=3912"},{"taxonomy":"post_tag","embeddable":true,"href":"https:\/\/eurhena.eu\/de\/wp-json\/wp\/v2\/tags?post=3912"}],"curies":[{"name":"wp","href":"https:\/\/api.w.org\/{rel}","templated":true}]}}