{"id":3850,"date":"2025-10-22T09:06:28","date_gmt":"2025-10-22T07:06:28","guid":{"rendered":"https:\/\/eurhena.eu\/?p=3850"},"modified":"2025-10-29T08:57:02","modified_gmt":"2025-10-29T07:57:02","slug":"save-the-date-beatus-tour-2-18-novembre-2025","status":"publish","type":"post","link":"https:\/\/eurhena.eu\/de\/save-the-date-beatus-tour-ii-18-november-2025\/","title":{"rendered":"Beatus Tour II, 18. November 2025"},"content":{"rendered":"<p>\ud83d\udce2 Beatus Tour II: <strong>18. November 2025!<\/strong><br \/>\nDie <strong>Beatus Tour<\/strong> geht in die zweite Runde! \ud83d\ude8c\ud83d\udcda<\/p>\n<p>Nach dem Erfolg der ersten Etappe im Mai 2025 l\u00e4dt Sie der <strong>Eurodistrict Eurhena<\/strong> zu einem neuen Tag voller kultureller Entdeckungen im Bus zwischen <strong>Colmar <\/strong><strong>\ud83c\uddeb\ud83c\uddf7<\/strong><strong> und Staufen <\/strong><strong>\ud83c\udde9\ud83c\uddea<\/strong> ein!<\/p>\n<p>\ud83d\uddd3\ufe0f <strong>Wann?<\/strong><br \/>\nAm <strong>18. November 2025<\/strong>, von 8:15 bis 19:00 Uhr<br \/>\n(Abfahrt des Busses ab Breisach oder Colmar)<\/p>\n<p><strong>F\u00fcr wen? <\/strong>Fachleute aus der Buchbranche (Bibliothekare, Verleger, Autoren, Buchh\u00e4ndler, etc.), Akteure aus den Bereichen Kultur und Bildung, alle, die sich f\u00fcr Literatur, Schreiben, Lesen und den Austausch \u00fcber das Gebiet des Eurodistricts interessieren<\/p>\n<p>\ud83d\udccd <strong>Was steht auf dem Programm?<\/strong><\/p>\n<p><strong>Colmar (vormittags):<\/strong><\/p>\n<ul>\n<li>9:30 \u2013 10:50 Uhr: Besuch der <em>Biblioth\u00e8que des Dominicains<\/em><\/li>\n<li>10:50 \u2013 12:20 Uhr: Workshops zur F\u00f6rderung des kritischen Denkens in Zeiten von KI und Fake-News, organisiert von der Collectivit\u00e9 europ\u00e9enne d\u2019Alsace und Workshopleitung durch Vermittler der <em>Biblioth\u00e8que d\u2018Alsace<\/em><\/li>\n<li>12:30 \u2013 13:30 Uhr: Mittagessen<\/li>\n<\/ul>\n<p><strong>Staufen (nachmittags):<\/strong><\/p>\n<ul>\n<li>14:40 \u2013 15:00 Uhr: Begr\u00fc\u00dfung durch B\u00fcrgermeister Michael Benitz, Kulturmanagerin und Leitung der Mediathek<\/li>\n<li>15:00 \u2013 15:30 Uhr: Stadtf\u00fchrung (Deutsch\/Franz\u00f6sisch)<\/li>\n<li>15:40 \u2013 16:30 Uhr: F\u00fchrung durch die literarische Dauerausstellung \u201eSp\u00e4te Freundschaft\u201c und Vorstellung des digitalen Literaturf\u00fchrers und des Buchs \u201eHerzkammern\u201c durch Prof. Thomas Schmidt \/ \u00a0Dr. Christof Diedrichs<\/li>\n<li>16:30 \u2013 17:20 Uhr: Offene Gespr\u00e4chsrunde mit Nikoline K\u00e4stner und Prof. Thomas Schmidt<\/li>\n<\/ul>\n<p>Die Veranstaltung wird in Kooperation mit der Collectivit\u00e9 europ\u00e9enne d\u2019Alsace, der Stadt Colmar, der Stadt Staufen sowie dem Landkreis Breisgau-Hochschwarzwald organisiert.<\/p>\n<p>\ud83d\udcf8 Seien Sie dabei und erleben Sie einen einzigartigen Tag dies- und jenseits des Rheins \u2013 zwischen Kulturerbe, Literatur und kultureller Innovation!<\/p>\n<p>\ud83d\udce9 Anmeldung (bis zum 07. November 2025) &amp; weitere Infos: event.eurodistrict@eurhena.eu<\/p>\n<p><a href=\"https:\/\/eurhena.eu\/wp-content\/uploads\/2025\/10\/beatus-jour-2-invitation-einladung-211025.pdf\">Beatus jour 2 invitation Einladung <\/a><\/p>","protected":false},"excerpt":{"rendered":"<p>\ud83d\udce2 Beatus Tour II: 18. November 2025! Die Beatus Tour geht in die zweite Runde! \ud83d\ude8c\ud83d\udcda Nach dem Erfolg der ersten Etappe im Mai 2025 l\u00e4dt Sie der Eurodistrict Eurhena zu einem neuen Tag voller kultureller Entdeckungen im Bus zwischen Colmar \ud83c\uddeb\ud83c\uddf7 und Staufen \ud83c\udde9\ud83c\uddea ein! \ud83d\uddd3\ufe0f Wann? Am 18. November 2025, von 8:15 bis [&hellip;]<\/p>\n","protected":false},"author":3,"featured_media":4011,"comment_status":"closed","ping_status":"closed","sticky":false,"template":"","format":"standard","meta":{"_acf_changed":false,"_seopress_robots_primary_cat":"none","_seopress_titles_title":"","_seopress_titles_desc":"La prochaine \u00e9tape du Beatus Tour aura lieu le 18 Novembre 2025 en bus entre Colmar et Staufen. Le projet est organis\u00e9 en coop\u00e9ration avec la CeA, la Ville de Colmar et le Landkreis Breisgau Hochschwarzwald. Il s'agit d'un tour en bus pour d\u00e9couvrir les lieux culturels de l' Eurodistrict Eurhena et de cr\u00e9er un nouveau r\u00e9seau autour du livre.","_seopress_robots_index":"","inline_featured_image":false,"footnotes":""},"categories":[1],"tags":[],"class_list":["post-3850","post","type-post","status-publish","format-standard","has-post-thumbnail","hentry","category-non-classe"],"acf":[],"publishpress_future_workflow_manual_trigger":{"enabledWorkflows":[]},"_links":{"self":[{"href":"https:\/\/eurhena.eu\/de\/wp-json\/wp\/v2\/posts\/3850","targetHints":{"allow":["GET"]}}],"collection":[{"href":"https:\/\/eurhena.eu\/de\/wp-json\/wp\/v2\/posts"}],"about":[{"href":"https:\/\/eurhena.eu\/de\/wp-json\/wp\/v2\/types\/post"}],"author":[{"embeddable":true,"href":"https:\/\/eurhena.eu\/de\/wp-json\/wp\/v2\/users\/3"}],"replies":[{"embeddable":true,"href":"https:\/\/eurhena.eu\/de\/wp-json\/wp\/v2\/comments?post=3850"}],"version-history":[{"count":11,"href":"https:\/\/eurhena.eu\/de\/wp-json\/wp\/v2\/posts\/3850\/revisions"}],"predecessor-version":[{"id":4041,"href":"https:\/\/eurhena.eu\/de\/wp-json\/wp\/v2\/posts\/3850\/revisions\/4041"}],"wp:featuredmedia":[{"embeddable":true,"href":"https:\/\/eurhena.eu\/de\/wp-json\/wp\/v2\/media\/4011"}],"wp:attachment":[{"href":"https:\/\/eurhena.eu\/de\/wp-json\/wp\/v2\/media?parent=3850"}],"wp:term":[{"taxonomy":"category","embeddable":true,"href":"https:\/\/eurhena.eu\/de\/wp-json\/wp\/v2\/categories?post=3850"},{"taxonomy":"post_tag","embeddable":true,"href":"https:\/\/eurhena.eu\/de\/wp-json\/wp\/v2\/tags?post=3850"}],"curies":[{"name":"wp","href":"https:\/\/api.w.org\/{rel}","templated":true}]}}