{"id":3800,"date":"2025-07-25T15:25:45","date_gmt":"2025-07-25T13:25:45","guid":{"rendered":"https:\/\/eurhena.eu\/?p=3800"},"modified":"2025-07-25T15:44:01","modified_gmt":"2025-07-25T13:44:01","slug":"finissage-de-lexposition-frontieres-table-ronde-sur-leurope-en-temps-de-crise-que-signifient-les-frontieres-pour-nous-mercredi-30-juillet-a-18h30-au-centre-culturel-f","status":"publish","type":"post","link":"https:\/\/eurhena.eu\/de\/finissage-der-ausstellung-frontieres-podiumsdiskussion-zu-europa-in-zeiten-von-krisen-was-bedeuten-grenzen-fur-uns-mittwoch-30-07-18-30-uhr-im-centre-culturel-francais-freiburg\/","title":{"rendered":"Finissage der Ausstellung Fronti\u00e8res + Podiumsdiskussion zu &#8222;Europa in Zeiten von Krisen: Was bedeuten Grenzen f\u00fcr uns&#8220; \u2013 Mittwoch 30.07. 18.30 Uhr im Centre Culturel Fran\u00e7ais Freiburg"},"content":{"rendered":"<p><\/p>\n<div>Das Centre Culturel Fran\u00e7ais Freiburg (CCFF) und die Europa-Union Freiburg (EUD) laden zu einer Podiumsdiskussion zum Thema Grenzen in Europa ein. Die Veranstaltung ist die\u00a0<i>Finissage<\/i>\u00a0zu der noch bis Ende Juli im CCFF gezeigten Ausstellung \u201eFronti\u00e8res \u2013 Grenzen\u201c.<\/div>\n<div><\/div>\n<div><strong>Finissage: Mittwoch, 30. Juli | 18.30 Uhr im\u00a0<\/strong><b>Centre Culturel Fran\u00e7ais Freiburg, M\u00fcnsterplatz 11 \/ Im Kornhaus, 79098 Freiburg<\/b><b><\/b><\/div>\n<div><strong>Moderation:<\/strong>\u00a0Florence Dancoisne, Direktorin des CCFF, und Gregor Kroschel, Vorsitzender EUD Freiburg<\/div>\n<div><strong>Sprache:<\/strong>\u00a0D<br \/>\n<strong>Eintritt:<\/strong>\u00a0frei<br \/>\n<strong>Anmeldung<\/strong><strong>:<\/strong>\u00a0kultur@ccf-fr.de<br \/>\n<strong>In Kooperation mit:\u00a0<\/strong>Europa-Union Kreisverband Freiburg e.V., Gesellschaft zur F\u00f6rderung der grenz\u00fcberschreitenden Zusammenarbeit, \u00a0F\u00f6rderverein CCFF, Mus\u00e9e national de l\u2019histoire de l\u2019immigration<\/div>\n<div><\/div>\n<div><strong>Auf dem Podium<\/strong> diskutieren\u00a0<b>Chantal Kopf\u00a0<\/b>(MdB),\u00a0<b>Gabi Rolland\u00a0<\/b>(MdL),\u00a0<b>Dr. Klaus Sch\u00fcle<\/b>\u00a0(Stadtrat und Regierungspr\u00e4sidium Freiburg),\u00a0<b>Florian Schmid<\/b>\u00a0(GFGZ) sowie der Politikwissenschaftler und Publizist\u00a0<b>Dr.<\/b>\u00a0<b>Winfried Veit<\/b>.<\/div>\n<div>Lange Zeit waren offene Grenzen in Europa die Normalit\u00e4t, seit vor rund 40 Jahren im niederl\u00e4ndischen Schengen die Abschaffung der Grenzkontrollen zwischen den beteiligten Staaten beschlossen wurde. Einzelne EU-Mitgliedstaaten schr\u00e4nken diese Freiz\u00fcgigkeit aktuell massiv ein.<br \/>\nKommt Europa an seine Grenzen? Oder gelingt es die gro\u00dfen politischen Herausforderungen, die sich aus dem weltweiten Migrationsdruck ergeben, im europ\u00e4ischen Sinne gemeinsam zu l\u00f6sen und die Freiz\u00fcgigkeit in der EU zu erhalten? Welche Rolle spielen Grenzen f\u00fcr die Menschen heute und \u00fcber welche anderen politisch-kulturellen Grenzen in Europa m\u00fcssen wir sprechen?<\/div>\n<div><\/div>\n<div>Mehr Informationen: <a href=\"https:\/\/ccf-fr.de\/2025\/07\/21\/finissage-frontieres-mittwoch-30-07-18-30-uhr-im-ccff\/\">Finissage | Fronti\u00e8res \u2013 Mittwoch 30.07. 18.30 Uhr im CCFF &#8211; CCFF &#8211; Centre Culturel Fran\u00e7ais Freiburg<\/a><\/div>\n<div><\/div>\n<div><\/div>\n<div><img loading=\"lazy\" decoding=\"async\" class=\"alignnone size-medium wp-image-3609\" src=\"https:\/\/eurhena.eu\/wp-content\/uploads\/2025\/04\/logoccf-300x78.png\" alt=\"\" width=\"300\" height=\"78\" srcset=\"https:\/\/eurhena.eu\/wp-content\/uploads\/2025\/04\/logoccf-300x78.png 300w, https:\/\/eurhena.eu\/wp-content\/uploads\/2025\/04\/logoccf-1024x268.png 1024w, https:\/\/eurhena.eu\/wp-content\/uploads\/2025\/04\/logoccf-768x201.png 768w, https:\/\/eurhena.eu\/wp-content\/uploads\/2025\/04\/logoccf-1536x402.png 1536w, https:\/\/eurhena.eu\/wp-content\/uploads\/2025\/04\/logoccf-2048x535.png 2048w\" sizes=\"auto, (max-width: 300px) 100vw, 300px\" \/><\/div>\n<p><\/p>","protected":false},"excerpt":{"rendered":"<p>Das Centre Culturel Fran\u00e7ais Freiburg (CCFF) und die Europa-Union Freiburg (EUD) laden zu einer Podiumsdiskussion zum Thema Grenzen in Europa ein. Die Veranstaltung ist die\u00a0Finissage\u00a0zu der noch bis Ende Juli im CCFF gezeigten Ausstellung \u201eFronti\u00e8res \u2013 Grenzen\u201c. Finissage: Mittwoch, 30. Juli | 18.30 Uhr im\u00a0Centre Culturel Fran\u00e7ais Freiburg, M\u00fcnsterplatz 11 \/ Im Kornhaus, 79098 Freiburg [&hellip;]<\/p>\n","protected":false},"author":3,"featured_media":3807,"comment_status":"closed","ping_status":"closed","sticky":false,"template":"","format":"standard","meta":{"_acf_changed":false,"_seopress_robots_primary_cat":"none","_seopress_titles_title":"","_seopress_titles_desc":"Le Centre Culturel Fran\u00e7ais de Fribourg (CCFF) et l&#039;Europa-Union Fribourg (EUD) vous invitent \u00e0 une table ronde sur le th\u00e8me des fronti\u00e8res en Europe. L&#039;\u00e9v\u00e9nement marque la finissage de l&#039;exposition \u00ab Fronti\u00e8res \u00bb encore visible jusqu&#039;\u00e0 fin juillet au CCFF. L&#039;\u00e9v\u00e8nement aura lieu le mercredi 30 juillet au centre culturel fran\u00e7ais freiburg \u00e0 18h30. ","_seopress_robots_index":"","inline_featured_image":false,"footnotes":""},"categories":[1],"tags":[],"class_list":["post-3800","post","type-post","status-publish","format-standard","has-post-thumbnail","hentry","category-non-classe"],"acf":[],"publishpress_future_workflow_manual_trigger":{"enabledWorkflows":[]},"_links":{"self":[{"href":"https:\/\/eurhena.eu\/de\/wp-json\/wp\/v2\/posts\/3800","targetHints":{"allow":["GET"]}}],"collection":[{"href":"https:\/\/eurhena.eu\/de\/wp-json\/wp\/v2\/posts"}],"about":[{"href":"https:\/\/eurhena.eu\/de\/wp-json\/wp\/v2\/types\/post"}],"author":[{"embeddable":true,"href":"https:\/\/eurhena.eu\/de\/wp-json\/wp\/v2\/users\/3"}],"replies":[{"embeddable":true,"href":"https:\/\/eurhena.eu\/de\/wp-json\/wp\/v2\/comments?post=3800"}],"version-history":[{"count":5,"href":"https:\/\/eurhena.eu\/de\/wp-json\/wp\/v2\/posts\/3800\/revisions"}],"predecessor-version":[{"id":3809,"href":"https:\/\/eurhena.eu\/de\/wp-json\/wp\/v2\/posts\/3800\/revisions\/3809"}],"wp:featuredmedia":[{"embeddable":true,"href":"https:\/\/eurhena.eu\/de\/wp-json\/wp\/v2\/media\/3807"}],"wp:attachment":[{"href":"https:\/\/eurhena.eu\/de\/wp-json\/wp\/v2\/media?parent=3800"}],"wp:term":[{"taxonomy":"category","embeddable":true,"href":"https:\/\/eurhena.eu\/de\/wp-json\/wp\/v2\/categories?post=3800"},{"taxonomy":"post_tag","embeddable":true,"href":"https:\/\/eurhena.eu\/de\/wp-json\/wp\/v2\/tags?post=3800"}],"curies":[{"name":"wp","href":"https:\/\/api.w.org\/{rel}","templated":true}]}}