{"id":3793,"date":"2025-07-24T16:04:05","date_gmt":"2025-07-24T14:04:05","guid":{"rendered":"https:\/\/eurhena.eu\/?p=3793"},"modified":"2025-07-24T16:09:39","modified_gmt":"2025-07-24T14:09:39","slug":"acto-un-reseau-theatral-transfrontalier-au-coeur-des-territoires-du-rhin-superieur","status":"publish","type":"post","link":"https:\/\/eurhena.eu\/de\/acto-kultur-fur-alle-ein-grenzuberschreitendes-theaternetzwerk-in-den-landlichen-gebieten-des-oberrheins\/","title":{"rendered":"ACTO Kultur f\u00fcr alle: Ein grenz\u00fcberschreitendes Theaternetzwerk in den l\u00e4ndlichen Gebieten des Oberrheins"},"content":{"rendered":"<p>Als assoziierter Partner des Interreg Projekts &#8222;ACTO Kultur f\u00fcr alle: Ein grenz\u00fcberschreitendes Theaternetzwerk in den l\u00e4ndlichen Gebieten des Oberrheins&#8220; freut sich der Eurodistrict Eurhena Region Freiburg &#8211; Centre et Sud Alsace \u00fcber seine Genehmigung durch den Interreg Begleitausschuss am 10.07.25. Das Projekt wird vom Theater Baden Alsace getragen.<\/p>\n<p><strong>Worum geht&#8217;s bei diesem Projekt?<\/strong><\/p>\n<p>Trotz gro\u00dfer Nachfrage sind l\u00e4ndliche Gebiete am Oberrhein noch wenig in die deutsch-franz\u00f6sische Kulturdynamik eingebunden.<\/p>\n<p>ACTO will das \u00e4ndern \u2013 mit einem mobilen, mehrsprachigen und partizipativen Kulturangebot. Im Rahmen einer grenz\u00fcberschreitenden Theaterakademie werden Auff\u00fchrungen, offene Workshops und Ausbildungsm\u00f6glichkeiten geschaffen. ACTO plant j\u00e4hrlich \u00fcber 150 Veranstaltungen in mehr als 60 Gemeinden. Ziel ist der Aufbau eines dauerhaften Netzwerks zwischen K\u00fcnstlerInnen, Schulen, Institutionen und Kommunen.<\/p>\n<p>Dadurch entstehen neue Chancen f\u00fcr Kinder, Jugendliche und Kulturschaffende, \u00fcber Grenzen hinweg zu leben, zu lernen und zu arbeiten. So wird der Oberrhein zu einer Region, in der Kultur verbindet und nicht trennt.<\/p>\n<p>Mehr Informationen finden Sie hier: <a href=\"https:\/\/www.interreg-oberrhein.eu\/projet\/ein-grenzueberschreitendes-theaternetzwerk-im-herzen-des-oberrheins\/\">Kultur f\u00fcr alle: Ein grenz\u00fcberschreitendes Theaternetzwerk in den l\u00e4ndlichen Gebieten des Oberrheins &#8211; Interreg<\/a><\/p>\n<p><img loading=\"lazy\" decoding=\"async\" class=\"alignnone size-medium wp-image-3788\" src=\"https:\/\/eurhena.eu\/wp-content\/uploads\/2025\/07\/logo_rgb_farbfassung_weiss_hauptversion-300x90.jpg\" alt=\"\" width=\"300\" height=\"90\" srcset=\"https:\/\/eurhena.eu\/wp-content\/uploads\/2025\/07\/logo_rgb_farbfassung_weiss_hauptversion-300x90.jpg 300w, https:\/\/eurhena.eu\/wp-content\/uploads\/2025\/07\/logo_rgb_farbfassung_weiss_hauptversion-1024x309.jpg 1024w, https:\/\/eurhena.eu\/wp-content\/uploads\/2025\/07\/logo_rgb_farbfassung_weiss_hauptversion-768x232.jpg 768w, https:\/\/eurhena.eu\/wp-content\/uploads\/2025\/07\/logo_rgb_farbfassung_weiss_hauptversion-1536x463.jpg 1536w, https:\/\/eurhena.eu\/wp-content\/uploads\/2025\/07\/logo_rgb_farbfassung_weiss_hauptversion.jpg 1903w\" sizes=\"auto, (max-width: 300px) 100vw, 300px\" \/><\/p>","protected":false},"excerpt":{"rendered":"<p>Als assoziierter Partner des Interreg Projekts &#8222;ACTO Kultur f\u00fcr alle: Ein grenz\u00fcberschreitendes Theaternetzwerk in den l\u00e4ndlichen Gebieten des Oberrheins&#8220; freut sich der Eurodistrict Eurhena Region Freiburg &#8211; Centre et Sud Alsace \u00fcber seine Genehmigung durch den Interreg Begleitausschuss am 10.07.25. Das Projekt wird vom Theater Baden Alsace getragen. Worum geht&#8217;s bei diesem Projekt? Trotz gro\u00dfer [&hellip;]<\/p>\n","protected":false},"author":3,"featured_media":3797,"comment_status":"closed","ping_status":"closed","sticky":false,"template":"","format":"standard","meta":{"_acf_changed":false,"_seopress_robots_primary_cat":"none","_seopress_titles_title":"","_seopress_titles_desc":"En tant que partenaire associ\u00e9 du projet Interreg \u00ab ACTO Un r\u00e9seau th\u00e9\u00e2tral transfrontalier au c\u0153ur des territoires du Rhin sup\u00e9rieur \u00bb, l&#039;Eurodistrict Eurhena Region Freiburg - Centre et Sud Alsace se r\u00e9jouit de son adoption par le Comit\u00e9 de suivi Interreg le 10.07.25. Le projet est port\u00e9 par le Theater Baden Alsace. Ce projet vise \u00e0 cr\u00e9er un r\u00e9seau durable entre artistes, \u00e9coles, institutions et collectivit\u00e9s, avec un objectif clair : permettre aux enfants, aux jeunes et aux artistes de vivre, apprendre et travailler au-del\u00e0 des fronti\u00e8res, et faire du Rhin sup\u00e9rieur un territoire o\u00f9 la culture rassemble au lieu de s\u00e9parer.","_seopress_robots_index":"","inline_featured_image":false,"footnotes":""},"categories":[1],"tags":[],"class_list":["post-3793","post","type-post","status-publish","format-standard","has-post-thumbnail","hentry","category-non-classe"],"acf":[],"publishpress_future_workflow_manual_trigger":{"enabledWorkflows":[]},"_links":{"self":[{"href":"https:\/\/eurhena.eu\/de\/wp-json\/wp\/v2\/posts\/3793","targetHints":{"allow":["GET"]}}],"collection":[{"href":"https:\/\/eurhena.eu\/de\/wp-json\/wp\/v2\/posts"}],"about":[{"href":"https:\/\/eurhena.eu\/de\/wp-json\/wp\/v2\/types\/post"}],"author":[{"embeddable":true,"href":"https:\/\/eurhena.eu\/de\/wp-json\/wp\/v2\/users\/3"}],"replies":[{"embeddable":true,"href":"https:\/\/eurhena.eu\/de\/wp-json\/wp\/v2\/comments?post=3793"}],"version-history":[{"count":1,"href":"https:\/\/eurhena.eu\/de\/wp-json\/wp\/v2\/posts\/3793\/revisions"}],"predecessor-version":[{"id":3796,"href":"https:\/\/eurhena.eu\/de\/wp-json\/wp\/v2\/posts\/3793\/revisions\/3796"}],"wp:featuredmedia":[{"embeddable":true,"href":"https:\/\/eurhena.eu\/de\/wp-json\/wp\/v2\/media\/3797"}],"wp:attachment":[{"href":"https:\/\/eurhena.eu\/de\/wp-json\/wp\/v2\/media?parent=3793"}],"wp:term":[{"taxonomy":"category","embeddable":true,"href":"https:\/\/eurhena.eu\/de\/wp-json\/wp\/v2\/categories?post=3793"},{"taxonomy":"post_tag","embeddable":true,"href":"https:\/\/eurhena.eu\/de\/wp-json\/wp\/v2\/tags?post=3793"}],"curies":[{"name":"wp","href":"https:\/\/api.w.org\/{rel}","templated":true}]}}