{"id":3757,"date":"2025-07-10T14:23:08","date_gmt":"2025-07-10T12:23:08","guid":{"rendered":"https:\/\/eurhena.eu\/?p=3757"},"modified":"2025-07-10T14:23:08","modified_gmt":"2025-07-10T12:23:08","slug":"lancement-officiel-du-fonds-pour-petits-projets-interreg-eurhena-act-art-culture-tourismus-adoption-du-comite-de-suivi-interreg-rhin-superieur","status":"publish","type":"post","link":"https:\/\/eurhena.eu\/de\/offizieller-start-des-interreg-kleinprojektefonds-eurhena-act-art-culture-tourismus-annahme-durch-den-interreg-oberrhein-begleitauschuss\/","title":{"rendered":"Offizieller Start des Interreg Kleinprojektefonds \u201eEurhena ACT \u2013 Art\/Culture\/Tourismus\u201c &#8211; Annahme durch den Interreg Oberrhein Begleitauschuss"},"content":{"rendered":"<p>Der Interreg Kleinprojektefonds \u201eEurhena ACT \u2013 Art\/Culture\/Tourismus\u201c wurde heute, am 10. Juli 2025, offiziell vom Interreg-Begleitausschuss genehmigt und kann nun seine Arbeit aufnehmen.<\/p>\n<p>Ziel des Fonds des Eurodistricts <em>Eurhena<\/em> Region Freiburg \u2013 Centre et Sud Alsace ist es, grenz\u00fcberschreitende Kultur- und Tourismusprojekte zu f\u00f6rdern.<\/p>\n<p>Der Fonds richtet sich an Kultur- und Tourismusakteure aus der Region und verfolgt insbesondere <strong>folgende Ziele<\/strong>:<\/p>\n<ul>\n<li>Aufwertung des Natur- und\/oder Kulturerbes f\u00fcr eine grenz\u00fcberschreitende \u00d6ffentlichkeit,<\/li>\n<li>Entwicklung neuer kultureller oder touristischer Angebote,<\/li>\n<li>Strukturierung von Wertsch\u00f6pfungsketten im Bereich \u201eKultur\u201c und\/oder \u201eTourismus\u201c.<\/li>\n<\/ul>\n<p>Der Aufruf ist permanent ge\u00f6ffnet. Die Projektlaufzeit f\u00fcr gef\u00f6rderte Kleinprojekte erstreckt sich vom 1. November 2025 bis zum 31. M\u00e4rz 2029.<\/p>\n<p>Gef\u00f6rdert werden vor allem Kleinprojekte mit Sitz und Austragungsort im Gebiet des Eurodistrict <em>Eurhena <\/em>in H\u00f6he von 60% des f\u00f6rderf\u00e4higen Projektvolumens. Auch Kleinprojekte au\u00dferhalb dieses Gebiets k\u00f6nnen ber\u00fccksichtigt werden, sofern ihr Austragungsort im Eurodistrict liegt oder ein direkter Einfluss auf das Gebiet besteht. N\u00e4here Informationen zum Gebiet des Eurodistricts finden Sie unter folgender Internetseite: <a href=\"https:\/\/eurhena.eu\/de\/verstehen\/der-eurodistrict\/\">https:\/\/eurhena.eu\/de\/verstehen\/der-eurodistrict\/<\/a><\/p>\n<p><strong>F\u00f6rderkriterien im \u00dcberblick<\/strong><\/p>\n<p>Um f\u00fcr eine F\u00f6rderung in Frage zu kommen, m\u00fcssen Kleinprojekte folgende Voraussetzungen erf\u00fcllen:<\/p>\n<ul>\n<li>Der Kleinprojekttr\u00e4ger muss eine juristische Person sein,<\/li>\n<li>Das Kleinprojektvolumen (inkl. MwSt) muss zwischen 15.000 \u20ac und 80.000 \u20ac liegen,<\/li>\n<li>Die Finanzierung des Gesamtvolumens muss vom Kleinprojekttr\u00e4ger selbst gesichert sein,<\/li>\n<li>Das Kleinprojekt muss eines der oben genannten Ziele des Fonds verfolgen,<\/li>\n<li>Es muss ein grenz\u00fcberschreitender Mehrwert f\u00fcr den Oberrheinraum bestehen.<\/li>\n<\/ul>\n<p>Antragsunterlagen, Leitf\u00e4den zur Antragstellung sowie die Einreichungsfristen werden im September 2025 auf der offiziellen Website des Eurodistrict Eurhena ver\u00f6ffentlicht: <a href=\"https:\/\/eurhena.eu\/de\/aufbauen\/\">https:\/\/eurhena.eu\/de\/aufbauen\/<\/a><\/p>\n<p>&nbsp;<\/p>\n<p>Foto \u00a9Jean-Marc_de-Balthasar<\/p>","protected":false},"excerpt":{"rendered":"<p>Der Interreg Kleinprojektefonds \u201eEurhena ACT \u2013 Art\/Culture\/Tourismus\u201c wurde heute, am 10. Juli 2025, offiziell vom Interreg-Begleitausschuss genehmigt und kann nun seine Arbeit aufnehmen. Ziel des Fonds des Eurodistricts Eurhena Region Freiburg \u2013 Centre et Sud Alsace ist es, grenz\u00fcberschreitende Kultur- und Tourismusprojekte zu f\u00f6rdern. Der Fonds richtet sich an Kultur- und Tourismusakteure aus der Region [&hellip;]<\/p>\n","protected":false},"author":3,"featured_media":3761,"comment_status":"closed","ping_status":"closed","sticky":false,"template":"","format":"standard","meta":{"_acf_changed":false,"_seopress_robots_primary_cat":"none","_seopress_titles_title":"","_seopress_titles_desc":"Le fonds pour petits projets Interreg \u00ab Eurhena ACT \u2013 Art\/Culture\/Tourismus \u00bb a \u00e9t\u00e9 officiellement approuv\u00e9 ce jeudi 10 juillet 2025 par le Comit\u00e9 de suivi Interreg Rhin Sup\u00e9rieur et peut d\u00e9sormais d\u00e9marrer ses activit\u00e9s. Ce fonds s&#039;adresse aux acteurs touristiques et culturelles et soutient les projets avec un volet transfrontalier. Toutes les informations suppl\u00e9mentaire se trouvent sur le site suivant: https:\/\/eurhena.eu\/construire\/","_seopress_robots_index":"","inline_featured_image":false,"footnotes":""},"categories":[1],"tags":[],"class_list":["post-3757","post","type-post","status-publish","format-standard","has-post-thumbnail","hentry","category-non-classe"],"acf":[],"publishpress_future_workflow_manual_trigger":{"enabledWorkflows":[]},"_links":{"self":[{"href":"https:\/\/eurhena.eu\/de\/wp-json\/wp\/v2\/posts\/3757","targetHints":{"allow":["GET"]}}],"collection":[{"href":"https:\/\/eurhena.eu\/de\/wp-json\/wp\/v2\/posts"}],"about":[{"href":"https:\/\/eurhena.eu\/de\/wp-json\/wp\/v2\/types\/post"}],"author":[{"embeddable":true,"href":"https:\/\/eurhena.eu\/de\/wp-json\/wp\/v2\/users\/3"}],"replies":[{"embeddable":true,"href":"https:\/\/eurhena.eu\/de\/wp-json\/wp\/v2\/comments?post=3757"}],"version-history":[{"count":6,"href":"https:\/\/eurhena.eu\/de\/wp-json\/wp\/v2\/posts\/3757\/revisions"}],"predecessor-version":[{"id":3765,"href":"https:\/\/eurhena.eu\/de\/wp-json\/wp\/v2\/posts\/3757\/revisions\/3765"}],"wp:featuredmedia":[{"embeddable":true,"href":"https:\/\/eurhena.eu\/de\/wp-json\/wp\/v2\/media\/3761"}],"wp:attachment":[{"href":"https:\/\/eurhena.eu\/de\/wp-json\/wp\/v2\/media?parent=3757"}],"wp:term":[{"taxonomy":"category","embeddable":true,"href":"https:\/\/eurhena.eu\/de\/wp-json\/wp\/v2\/categories?post=3757"},{"taxonomy":"post_tag","embeddable":true,"href":"https:\/\/eurhena.eu\/de\/wp-json\/wp\/v2\/tags?post=3757"}],"curies":[{"name":"wp","href":"https:\/\/api.w.org\/{rel}","templated":true}]}}