{"id":3745,"date":"2025-07-01T07:49:52","date_gmt":"2025-07-01T05:49:52","guid":{"rendered":"https:\/\/eurhena.eu\/?p=3745"},"modified":"2025-07-01T07:51:41","modified_gmt":"2025-07-01T05:51:41","slug":"lancement-du-projet-interreg-sportrhena-le-28-juin-a-artrhena","status":"publish","type":"post","link":"https:\/\/eurhena.eu\/de\/auftaktveranstaltung-vom-interreg-projekt-sportrhena-am-28-juni-in-artrhena\/","title":{"rendered":"Auftaktveranstaltung vom Interreg Projekt Sport&#8217;Rhena am 28. Juni in Art&#8217;Rhena"},"content":{"rendered":"<p>Am Samstag, den 28. Juni 2025 fand in Art\u2019Rhena die erste Veranstaltung zu dem neuen Interreg Projekt Sport\u2019Rhena statt, bei dem der Eurodistrict <em>Eurhena<\/em> Region Freiburg \u2013 Centre et Sud Alsace assoziierter Partner ist.<\/p>\n<p>Nach Begr\u00fc\u00dfungen durch den B\u00fcrgermeister der Stadt Breisach am Rhein Oliver Rein und den Pr\u00e4sidenten der Communaut\u00e9 de Communes Alsace Rhin Brisach G\u00e9rard Hug, wurde von Christelle Lehry, conseilli\u00e8re r\u00e9gionale der R\u00e9gion Grand Est ein symbolischer Interreg Scheck feierlich \u00fcberreicht.<\/p>\n<p>Anschlie\u00dfend wurde das Projekt den anwesenden Sportvereinen kurz vorgestellt. Das Projekt sieht unter anderem vor, neue sportliche Infrastrukturen zu schaffen, wie einen Pumptrack, eine Kletterwand und einen Skatepark. Bei einem Umtrunk wurde die M\u00f6glichkeit geboten sich zu vernetzen und auszutauschen.<\/p>\n<p>Der Eurodistrict <em>Eurhena<\/em> freut sich, bei diesem spannenden Projekt beteiligt sein zu d\u00fcrfen.<\/p>\n<p>\ud83d\udc49 Mehr Informationen zu dem Projekt finden Sie hier : <a href=\"https:\/\/www.interreg-oberrhein.eu\/projet\/sportrhena\/\">Begegnung und Sport ohne Grenzen rund um die neuen Sportst\u00e4tten im Zwei Breisacher Land &#8211; Interreg<\/a><\/p>","protected":false},"excerpt":{"rendered":"<p>Am Samstag, den 28. Juni 2025 fand in Art\u2019Rhena die erste Veranstaltung zu dem neuen Interreg Projekt Sport\u2019Rhena statt, bei dem der Eurodistrict Eurhena Region Freiburg \u2013 Centre et Sud Alsace assoziierter Partner ist. Nach Begr\u00fc\u00dfungen durch den B\u00fcrgermeister der Stadt Breisach am Rhein Oliver Rein und den Pr\u00e4sidenten der Communaut\u00e9 de Communes Alsace Rhin [&hellip;]<\/p>\n","protected":false},"author":3,"featured_media":3744,"comment_status":"closed","ping_status":"closed","sticky":false,"template":"","format":"standard","meta":{"_acf_changed":false,"_seopress_robots_primary_cat":"none","_seopress_titles_title":"","_seopress_titles_desc":"Le samedi 28 juin 2025, le premier \u00e9v\u00e9nement du nouveau projet Interreg Sport\u2019Rhena a eu lieu \u00e0 Art\u2019Rhena. L\u2019 Eurodistrict Eurhena Region Freiburg - Centre et Sud Alsace y participe en tant que partenaire associ\u00e9. Le projet pr\u00e9voit des infrastructures sportives telles que un mur d&#039;escalade, un skatepark et un pumptrack. ","_seopress_robots_index":"","inline_featured_image":false,"footnotes":""},"categories":[1],"tags":[],"class_list":["post-3745","post","type-post","status-publish","format-standard","has-post-thumbnail","hentry","category-non-classe"],"acf":[],"publishpress_future_workflow_manual_trigger":{"enabledWorkflows":[]},"_links":{"self":[{"href":"https:\/\/eurhena.eu\/de\/wp-json\/wp\/v2\/posts\/3745","targetHints":{"allow":["GET"]}}],"collection":[{"href":"https:\/\/eurhena.eu\/de\/wp-json\/wp\/v2\/posts"}],"about":[{"href":"https:\/\/eurhena.eu\/de\/wp-json\/wp\/v2\/types\/post"}],"author":[{"embeddable":true,"href":"https:\/\/eurhena.eu\/de\/wp-json\/wp\/v2\/users\/3"}],"replies":[{"embeddable":true,"href":"https:\/\/eurhena.eu\/de\/wp-json\/wp\/v2\/comments?post=3745"}],"version-history":[{"count":1,"href":"https:\/\/eurhena.eu\/de\/wp-json\/wp\/v2\/posts\/3745\/revisions"}],"predecessor-version":[{"id":3748,"href":"https:\/\/eurhena.eu\/de\/wp-json\/wp\/v2\/posts\/3745\/revisions\/3748"}],"wp:featuredmedia":[{"embeddable":true,"href":"https:\/\/eurhena.eu\/de\/wp-json\/wp\/v2\/media\/3744"}],"wp:attachment":[{"href":"https:\/\/eurhena.eu\/de\/wp-json\/wp\/v2\/media?parent=3745"}],"wp:term":[{"taxonomy":"category","embeddable":true,"href":"https:\/\/eurhena.eu\/de\/wp-json\/wp\/v2\/categories?post=3745"},{"taxonomy":"post_tag","embeddable":true,"href":"https:\/\/eurhena.eu\/de\/wp-json\/wp\/v2\/tags?post=3745"}],"curies":[{"name":"wp","href":"https:\/\/api.w.org\/{rel}","templated":true}]}}