{"id":3695,"date":"2025-06-17T12:56:39","date_gmt":"2025-06-17T10:56:39","guid":{"rendered":"https:\/\/eurhena.eu\/?p=3695"},"modified":"2025-06-17T13:03:02","modified_gmt":"2025-06-17T11:03:02","slug":"prix-de-linnovation-neo2025-wanted-innovations-in-the-field-of-artificial-intelligence-ai","status":"publish","type":"post","link":"https:\/\/eurhena.eu\/de\/innovationspreis-neo2025-wanted-innovationen-im-bereich-der-kunstlichen-intelligenz-ki\/","title":{"rendered":"Innovationspreis NEO2025 &#8222;Wanted: Innovationen im Bereich der k\u00fcnstlichen Intelligenz (KI)&#8220;"},"content":{"rendered":"<p>Die TechnologieRegion Karlsruhe (TRK), der auch die Collectivit\u00e9 Europ\u00e9enne d&#8217;Alsace angeh\u00f6rt, hat eine Ausschreibung f\u00fcr den Innovationspreis \u201eNEO2025\u201c ver\u00f6ffentlicht.<\/p>\n<p>In diesem Jahr steht der Preis ganz im Zeichen der k\u00fcnstlichen Intelligenz: \u201eWanted: Innovations in the field of Artificial Intelligence (AI)\u201c (Gesucht: Innovationen im Bereich der k\u00fcnstlichen Intelligenz).<\/p>\n<p>Der Preis ist mit 20.000 \u20ac dotiert und richtet sich an Unternehmen, Institutionen, \u00f6ffentliche Verwaltungen und akademische Einrichtungen in Deutschland, aber auch im Elsass.<\/p>\n<p>Die Bewerbungsfrist l\u00e4uft bis zum 7. Juli 2025.<\/p>\n<p>Weitere Informationen finden Sie hier : <a href=\"https:\/\/trk.de\/en\/events\/neo\/\" data-saferedirecturl=\"https:\/\/www.google.com\/url?q=https:\/\/trk.de\/en\/events\/neo\/&amp;source=gmail&amp;ust=1750225947294000&amp;usg=AOvVaw3b_6LUST0qF7eElpQaFuJb\">auf englisch<\/a> und <a href=\"https:\/\/trk.de\/veranstaltungen\/neo\/\" data-saferedirecturl=\"https:\/\/www.google.com\/url?q=https:\/\/trk.de\/veranstaltungen\/neo\/&amp;source=gmail&amp;ust=1750225947294000&amp;usg=AOvVaw2MAj3j6eLEJMe3Kx-zxWbj\">auf deutsch<\/a>.<\/p>","protected":false},"excerpt":{"rendered":"<p>Die TechnologieRegion Karlsruhe (TRK), der auch die Collectivit\u00e9 Europ\u00e9enne d&#8217;Alsace angeh\u00f6rt, hat eine Ausschreibung f\u00fcr den Innovationspreis \u201eNEO2025\u201c ver\u00f6ffentlicht. In diesem Jahr steht der Preis ganz im Zeichen der k\u00fcnstlichen Intelligenz: \u201eWanted: Innovations in the field of Artificial Intelligence (AI)\u201c (Gesucht: Innovationen im Bereich der k\u00fcnstlichen Intelligenz). Der Preis ist mit 20.000 \u20ac dotiert und [&hellip;]<\/p>\n","protected":false},"author":3,"featured_media":3694,"comment_status":"closed","ping_status":"closed","sticky":false,"template":"","format":"standard","meta":{"_acf_changed":false,"_seopress_robots_primary_cat":"none","_seopress_titles_title":"","_seopress_titles_desc":"La TechnologieRegion Karlsruhe (TRK), dont est membre la Collectivit\u00e9 europ\u00e9enne d\u2019Alsace, a lanc\u00e9 un\u00a0appel \u00e0 candidatures pour le\u00a0prix de l\u2019innovation \u00ab\u00a0NEO2025\u00a0\u00bb.\r\n\r\nCette ann\u00e9e, ce prix est enti\u00e8rement plac\u00e9 sous le signe de\u00a0l\u2019intelligence artificielle\u00a0: \u00ab\u00a0Wanted: Innovations in the field of Artificial Intelligence (AI)\u00a0\u00bb.\r\n\r\nLe prix, dot\u00e9 de\u00a020 000 \u20ac, s\u2019adresse aux\u00a0entreprises, institutions, administrations publiques et \u00e9tablissements universitaires en Allemagne, mais aussi\u00a0en Alsace.\r\n\r\nLa date limite de candidature\u00a0est fix\u00e9e au 7 juillet 2025.","_seopress_robots_index":"","inline_featured_image":false,"footnotes":""},"categories":[1],"tags":[],"class_list":["post-3695","post","type-post","status-publish","format-standard","has-post-thumbnail","hentry","category-non-classe"],"acf":[],"publishpress_future_workflow_manual_trigger":{"enabledWorkflows":[]},"_links":{"self":[{"href":"https:\/\/eurhena.eu\/de\/wp-json\/wp\/v2\/posts\/3695","targetHints":{"allow":["GET"]}}],"collection":[{"href":"https:\/\/eurhena.eu\/de\/wp-json\/wp\/v2\/posts"}],"about":[{"href":"https:\/\/eurhena.eu\/de\/wp-json\/wp\/v2\/types\/post"}],"author":[{"embeddable":true,"href":"https:\/\/eurhena.eu\/de\/wp-json\/wp\/v2\/users\/3"}],"replies":[{"embeddable":true,"href":"https:\/\/eurhena.eu\/de\/wp-json\/wp\/v2\/comments?post=3695"}],"version-history":[{"count":3,"href":"https:\/\/eurhena.eu\/de\/wp-json\/wp\/v2\/posts\/3695\/revisions"}],"predecessor-version":[{"id":3700,"href":"https:\/\/eurhena.eu\/de\/wp-json\/wp\/v2\/posts\/3695\/revisions\/3700"}],"wp:featuredmedia":[{"embeddable":true,"href":"https:\/\/eurhena.eu\/de\/wp-json\/wp\/v2\/media\/3694"}],"wp:attachment":[{"href":"https:\/\/eurhena.eu\/de\/wp-json\/wp\/v2\/media?parent=3695"}],"wp:term":[{"taxonomy":"category","embeddable":true,"href":"https:\/\/eurhena.eu\/de\/wp-json\/wp\/v2\/categories?post=3695"},{"taxonomy":"post_tag","embeddable":true,"href":"https:\/\/eurhena.eu\/de\/wp-json\/wp\/v2\/tags?post=3695"}],"curies":[{"name":"wp","href":"https:\/\/api.w.org\/{rel}","templated":true}]}}