{"id":3677,"date":"2025-06-06T17:40:44","date_gmt":"2025-06-06T15:40:44","guid":{"rendered":"https:\/\/eurhena.eu\/?p=3677"},"modified":"2025-06-06T17:40:44","modified_gmt":"2025-06-06T15:40:44","slug":"la-mobilite-transfrontaliere-pour-les-jeunes-un-symbole-damitie-vecue-le-bade-wurtemberg-et-le-grand-est-reconnaissent-a-nouveau-mutuellement-les-billets-de-train-des-jeunes-pendant-lete","status":"publish","type":"post","link":"https:\/\/eurhena.eu\/de\/grenzuberschreitende-mobilitat-fur-junge-menschen-ein-zeichen-gelebter-freundschaft-baden-wurttemberg-und-grand-est-erkennen-im-sommer-erneut-gegenseitig-die-bahntickets-von-jungen-menschen\/","title":{"rendered":"Grenz\u00fcberschreitende Mobilit\u00e4t f\u00fcr junge Menschen: ein Zeichen gelebter Freundschaft \u2013 Baden-W\u00fcrttemberg und Grand Est erkennen im Sommer erneut gegenseitig die Bahntickets von jungen Menschen an"},"content":{"rendered":"<p><\/p>\n<p data-start=\"168\" data-end=\"597\">Das Deutschlandticket und der Pass Jeune machen das Reisen f\u00fcr junge Menschen aus Baden-W\u00fcrttemberg und der R\u00e9gion Grand Est einfacher. In diesem Sommer k\u00f6nnen Inhaberinnen und Inhaber des Deutschlandtickets mit Wohnsitz in Baden-W\u00fcrttemberg sowie Inhaberinnen und Inhaber des Pass Jeune in Deutschland in Baden-W\u00fcrttemberg, im Saarland, in Rheinland-Pfalz sowie im Elsass und weiteren Regionen Frankreichs bis nach Paris reisen.<\/p>\n<p data-start=\"599\" data-end=\"1072\">Im Juli und August 2025 berechtigt das Deutschlandticket zur Fahrt in allen Regionalz\u00fcgen der franz\u00f6sischen R\u00e9gion Grand Est \u2013 ohne Aufpreis. Die Region erstreckt sich von der deutschen Grenze \u00fcber die Vogesen, Metz, Nancy und die Ardennen bis nach Reims, vor den Toren von Paris. In Baden-W\u00fcrttemberg wiederum k\u00f6nnen junge Menschen mit Wohnsitz in der R\u00e9gion Grand Est bei Vorlage des \u201ePass Jeune\u201c das regionale Bahnnetz mit MEX, IRE, RE, RB und S-Bahnen kostenlos nutzen.<\/p>\n<p data-start=\"1074\" data-end=\"1278\">Das Land Baden-W\u00fcrttemberg und die R\u00e9gion Grand Est f\u00f6rdern durch diese Kooperation die grenz\u00fcberschreitende Mobilit\u00e4t junger Menschen und st\u00e4rken die deutsch-franz\u00f6sische Zusammenarbeit und Freundschaft.<\/p>\n<p class=\"VMFlietext\"><span lang=\"DE\">Weitere Informationen zur Anerkennung des Deutschlandtickets finden Sie <a title=\"https:\/\/vm.baden-wuerttemberg.de\/de\/mobilitaet-verkehr\/oepnv\/verkehrsverbuende-tarife\/alles-zum-d-ticket-jugendbw\" href=\"https:\/\/atpscan.global.hornetsecurity.com\/index.php?atp_str=LjwLSuuNicuE0tzN3XAQLZuF43NIYaGKAuKkd8xba_n--B7xvU284RdQyg_i0TALXJKdU1dgCPlC3Wt-m-qxqKmcBoEabShvsxQobl1mzPt4XqVdp4-lMaQCCZZ9HHckgd88PxYCVunIYdDGTcRf5111KhDg6OA9GOETUQiroJdq34nMXERV6vPiSDa9e-S6CBvNzejvGCblC72PcKRqkpox3otooOGbWZMTLKquCOo9vJBu2b0BhFtch00gPP92lSRX5Wo5lF5tePY6F343XoCjI5gw34Jwnfgo9prjFsOLYEJN4rB4krqC-9KQFpN0mdKm5VDqgwSXexyAQ5ykJptNNqNtS7r4RK8q8Ob7-w4Ctzs8YuMngbk1r6GU2Obp9A8U4NNEdSM6OiOYhpJqlNXUH8JzSjkjOjoj_Rwp5s4Bu7-cy4ch9UH2Bw\">hier\u00a0<\/a><\/span><\/p>\n<p>Weitere Informationen zur Anerkennung des Pass Jeune finden Sie <a href=\"https:\/\/info-jeunes-grandest.fr\/actualites\/grand-est-allemagne-en-train-cet-ete-pass-jeune-grenzenlos\/\">hier<\/a><\/p>","protected":false},"excerpt":{"rendered":"<p>Das Deutschlandticket und der Pass Jeune machen das Reisen f\u00fcr junge Menschen aus Baden-W\u00fcrttemberg und der R\u00e9gion Grand Est einfacher. In diesem Sommer k\u00f6nnen Inhaberinnen und Inhaber des Deutschlandtickets mit Wohnsitz in Baden-W\u00fcrttemberg sowie Inhaberinnen und Inhaber des Pass Jeune in Deutschland in Baden-W\u00fcrttemberg, im Saarland, in Rheinland-Pfalz sowie im Elsass und weiteren Regionen Frankreichs [&hellip;]<\/p>\n","protected":false},"author":3,"featured_media":3676,"comment_status":"closed","ping_status":"closed","sticky":false,"template":"","format":"standard","meta":{"_acf_changed":false,"_seopress_robots_primary_cat":"none","_seopress_titles_title":"","_seopress_titles_desc":"Die gegenseitige Anerkennung des Deutschlandticket und des pass jeune erm\u00f6glicht es jungen Erwachsenen (bis 28 Jahre) \u00fcber die Sommermonate in Deutschland und Frankreich kosteng\u00fcnstiger zu reisen.","_seopress_robots_index":"","inline_featured_image":false,"footnotes":""},"categories":[1],"tags":[],"class_list":["post-3677","post","type-post","status-publish","format-standard","has-post-thumbnail","hentry","category-non-classe"],"acf":[],"publishpress_future_workflow_manual_trigger":{"enabledWorkflows":[]},"_links":{"self":[{"href":"https:\/\/eurhena.eu\/de\/wp-json\/wp\/v2\/posts\/3677","targetHints":{"allow":["GET"]}}],"collection":[{"href":"https:\/\/eurhena.eu\/de\/wp-json\/wp\/v2\/posts"}],"about":[{"href":"https:\/\/eurhena.eu\/de\/wp-json\/wp\/v2\/types\/post"}],"author":[{"embeddable":true,"href":"https:\/\/eurhena.eu\/de\/wp-json\/wp\/v2\/users\/3"}],"replies":[{"embeddable":true,"href":"https:\/\/eurhena.eu\/de\/wp-json\/wp\/v2\/comments?post=3677"}],"version-history":[{"count":2,"href":"https:\/\/eurhena.eu\/de\/wp-json\/wp\/v2\/posts\/3677\/revisions"}],"predecessor-version":[{"id":3681,"href":"https:\/\/eurhena.eu\/de\/wp-json\/wp\/v2\/posts\/3677\/revisions\/3681"}],"wp:featuredmedia":[{"embeddable":true,"href":"https:\/\/eurhena.eu\/de\/wp-json\/wp\/v2\/media\/3676"}],"wp:attachment":[{"href":"https:\/\/eurhena.eu\/de\/wp-json\/wp\/v2\/media?parent=3677"}],"wp:term":[{"taxonomy":"category","embeddable":true,"href":"https:\/\/eurhena.eu\/de\/wp-json\/wp\/v2\/categories?post=3677"},{"taxonomy":"post_tag","embeddable":true,"href":"https:\/\/eurhena.eu\/de\/wp-json\/wp\/v2\/tags?post=3677"}],"curies":[{"name":"wp","href":"https:\/\/api.w.org\/{rel}","templated":true}]}}