{"id":3635,"date":"2025-05-16T11:21:18","date_gmt":"2025-05-16T09:21:18","guid":{"rendered":"https:\/\/eurhena.eu\/?p=3635"},"modified":"2025-05-16T11:22:19","modified_gmt":"2025-05-16T09:22:19","slug":"retour-sur-le-lancement-du-beatus-tour-un-voyage-en-bus-transfrontalier-autour-du-livre-le-14-mai-2025-a-selestat-marckolsheim-endingen-et-emmendingen","status":"publish","type":"post","link":"https:\/\/eurhena.eu\/de\/ruckblick-auf-den-auftakt-der-beatus-tour-eine-grenzuberschreitende-busreise-rund-um-das-buch-am-14-mai-2025-in-selestat-marckolsheim-endingen-und-emmendingen\/","title":{"rendered":"R\u00fcckblick auf den Auftakt der Beatus Tour \u2013 eine grenz\u00fcberschreitende Busreise rund um das Buch &#8211; Am 14. Mai 2025 in S\u00e9lestat, Marckolsheim, Endingen und Emmendingen"},"content":{"rendered":"<p>Der Eurodistrict <em>Eurhena<\/em> Region Freiburg \u2013 Centre et Sud Alsace organisierte am 14. Mai 2025 den ersten Teil der Beatus Tour: eine grenz\u00fcberschreitende Busreise durch den Eurodistrict mit Stationen in S\u00e9lestat, Marckolsheim, Endingen und Emmendingen \u2013 ganz im Zeichen des Buches. Ziel der Tour war es, zu erfahren, wie kommunale Kulturpolitik Orte des Lesens und literarischen Austauschs im Eurodistrict st\u00e4rkt und weiterentwickelt.<\/p>\n<p>Insgesamt nahmen 35 Personen an der Tour teil \u2013 darunter lesebegeisterte B\u00fcrgerinnen und B\u00fcrger sowie Fachleute aus der Buch- und Medienbranche aus Deutschland und Frankreich.<\/p>\n<p><strong>Bitte einsteigen \u2026 in Emmendingen oder S\u00e9lestat<\/strong><\/p>\n<p>Der Bus startete fr\u00fch morgens in Emmendingen und nahm zun\u00e4chst die deutschsprachigen Teilnehmerinnen und Teilnehmer auf. Anschlie\u00dfend wurde die franz\u00f6sische Gruppe in S\u00e9lestat begr\u00fc\u00dft, bevor es gemeinsam zur ersten Station der Reise ging: der Humanistischen Bibliothek in S\u00e9lestat.<\/p>\n<p><strong>Beatus Rh\u00e9nanus \u2013 eine humanistische Pers\u00f6nlichkeit des Oberrheins<\/strong><\/p>\n<p>Nach einer F\u00fchrung durch die Humanistische Bibliothek und die eindrucksvolle Sammlung des Humanisten Beatus Rh\u00e9nanus fand ein Austausch \u00fcber die besondere Rolle dieses kulturellen Ortes und dessen Verbindung zur Stadt S\u00e9lestat statt. Der Besuch endete mit einem gemeinsamen Mittagssnack im renommierten Brotmuseum <em>La Maison du Pain<\/em>.<\/p>\n<p><strong>Von Kinderb\u00fcchern bis zum Kinosaal \u2013 die M\u00e9diath\u00e8que in Marckolsheim<\/strong><\/p>\n<p>In der M\u00e9diath\u00e8que in Marckolsheim konnten die Teilnehmenden ein vielf\u00e4ltiges Medienangebot entdecken \u2013 von Kinderb\u00fcchern \u00fcber CDs und DVDs bis hin zu einem kleinen Kinosaal. Bei Kaffee und franz\u00f6sischem Geb\u00e4ck wurde \u00fcber die Zusammenarbeit zwischen Stadt und M\u00e9diath\u00e8que diskutiert.<\/p>\n<p><strong>Der Endinger B\u00fcchermarkt als Teil des Stadtmarketings<\/strong><\/p>\n<p>In Endingen stand der traditionsreiche B\u00fcchermarkt im Fokus. Eine Pr\u00e4sentation beleuchtete die Entwicklung und zunehmende Bedeutung dieser Veranstaltung im Kontext des st\u00e4dtischen Kultur- und Tourismusmarketings.<\/p>\n<p><strong>Einblicke in das Tagebucharchiv Emmendingen<\/strong><\/p>\n<p>Zum Abschluss gew\u00e4hrte das vorwiegend ehrenamtlich gef\u00fchrte Tagebucharchiv in Emmendingen spannende Einblicke in seine Arbeit. Neben Informationen zur Struktur und Finanzierung wurden exemplarische Tagebucheintr\u00e4ge vorgestellt \u2013 bewegende Zeugnisse pers\u00f6nlicher Geschichten.<\/p>\n<p><strong>Ein inspirierender Auftakt<\/strong><\/p>\n<p>Der erste Teil der Beatus Tour war f\u00fcr alle Beteiligten ein bereicherndes Erlebnis \u2013 voller Eindr\u00fccke, Begegnungen und neuer Perspektiven auf das Buch als Kulturgut. Die n\u00e4chste Etappe der Beatus Tour ist f\u00fcr den Herbst 2025 geplant.<\/p>","protected":false},"excerpt":{"rendered":"<p>Der Eurodistrict Eurhena Region Freiburg \u2013 Centre et Sud Alsace organisierte am 14. Mai 2025 den ersten Teil der Beatus Tour: eine grenz\u00fcberschreitende Busreise durch den Eurodistrict mit Stationen in S\u00e9lestat, Marckolsheim, Endingen und Emmendingen \u2013 ganz im Zeichen des Buches. Ziel der Tour war es, zu erfahren, wie kommunale Kulturpolitik Orte des Lesens und [&hellip;]<\/p>\n","protected":false},"author":3,"featured_media":3639,"comment_status":"closed","ping_status":"closed","sticky":false,"template":"","format":"standard","meta":{"_acf_changed":false,"_seopress_robots_primary_cat":"none","_seopress_titles_title":"","_seopress_titles_desc":"Le 14 mai 2025, l\u2019Eurodistrict Eurhena Region Freiburg \u2013 Centre et Sud Alsace a organis\u00e9 la premi\u00e8re \u00e9tape du Beatus Tour : un voyage en bus transfrontalier \u00e0 travers le territoire de l\u2019Eurodistrict, avec des arr\u00eats \u00e0 S\u00e9lestat, Marckolsheim, Endingen et Emmendingen, enti\u00e8rement consacr\u00e9 au th\u00e8me du livre. L\u2019objectif de cette tourn\u00e9e \u00e9tait de mieux comprendre comment la politique culturelle locale valorise les lieux de lecture et de culture au sein des communes et villes du territoire Eurhena.","_seopress_robots_index":"","inline_featured_image":false,"footnotes":""},"categories":[1],"tags":[],"class_list":["post-3635","post","type-post","status-publish","format-standard","has-post-thumbnail","hentry","category-non-classe"],"acf":[],"publishpress_future_workflow_manual_trigger":{"enabledWorkflows":[]},"_links":{"self":[{"href":"https:\/\/eurhena.eu\/de\/wp-json\/wp\/v2\/posts\/3635","targetHints":{"allow":["GET"]}}],"collection":[{"href":"https:\/\/eurhena.eu\/de\/wp-json\/wp\/v2\/posts"}],"about":[{"href":"https:\/\/eurhena.eu\/de\/wp-json\/wp\/v2\/types\/post"}],"author":[{"embeddable":true,"href":"https:\/\/eurhena.eu\/de\/wp-json\/wp\/v2\/users\/3"}],"replies":[{"embeddable":true,"href":"https:\/\/eurhena.eu\/de\/wp-json\/wp\/v2\/comments?post=3635"}],"version-history":[{"count":3,"href":"https:\/\/eurhena.eu\/de\/wp-json\/wp\/v2\/posts\/3635\/revisions"}],"predecessor-version":[{"id":3641,"href":"https:\/\/eurhena.eu\/de\/wp-json\/wp\/v2\/posts\/3635\/revisions\/3641"}],"wp:featuredmedia":[{"embeddable":true,"href":"https:\/\/eurhena.eu\/de\/wp-json\/wp\/v2\/media\/3639"}],"wp:attachment":[{"href":"https:\/\/eurhena.eu\/de\/wp-json\/wp\/v2\/media?parent=3635"}],"wp:term":[{"taxonomy":"category","embeddable":true,"href":"https:\/\/eurhena.eu\/de\/wp-json\/wp\/v2\/categories?post=3635"},{"taxonomy":"post_tag","embeddable":true,"href":"https:\/\/eurhena.eu\/de\/wp-json\/wp\/v2\/tags?post=3635"}],"curies":[{"name":"wp","href":"https:\/\/api.w.org\/{rel}","templated":true}]}}