{"id":3548,"date":"2025-03-31T14:27:40","date_gmt":"2025-03-31T12:27:40","guid":{"rendered":"https:\/\/eurhena.eu\/?p=3548"},"modified":"2025-03-31T14:59:19","modified_gmt":"2025-03-31T12:59:19","slug":"le-rapport-de-brigitte-klinkert-sur-la-region-frontaliere-francaise-est-adopte-a-lunanimite","status":"publish","type":"post","link":"https:\/\/eurhena.eu\/de\/brigitte-klinkerts-bericht-zur-franzosischen-grenzregion-wird-einstimmig-angenommen\/","title":{"rendered":"Brigitte Klinkerts Bericht zur franz\u00f6sischen Grenzregion wird einstimmig angenommen"},"content":{"rendered":"<p>Am 5. M\u00e4rz wurde der <a href=\"https:\/\/www.assemblee-nationale.fr\/dyn\/17\/rapports\/cion_afetr\/l17b1023_rapport-information\">Bericht<\/a> von Brigitte Klinkert, der Abgeordneten des Departements Haut-Rhin,\u00a0 \u00fcber die allt\u00e4glichen Schwierigkeiten der in grenznahen Gebieten lebenden Franzosen einstimmig von der \u201eCommission des Affaires \u00e9trang\u00e8res de l&#8217;Assembl\u00e9e nationale\u201c (Kommission f\u00fcr ausw\u00e4rtige Angelegenheiten der Nationalversammlung) verabschiedet<\/p>\n<p>Er thematisiert die Herausforderungen, mit denen die rund 25 Millionen Grenzg\u00e4ngerinnen und Grenzg\u00e4nger im t\u00e4glichen Leben konfrontiert sind. Hierbei geht es besonders um den Zugang zur Gesundheitsversorgung, der Anerkennung von Diplomen, der Nutzung von Verkehrsmitteln oder der Wohnungssuche. Dar\u00fcber hinaus werden mehr als 50 konkrete L\u00f6sungsvorschl\u00e4ge pr\u00e4sentiert. Eine nationale Strategie zu etablieren, die diese Gebiete in die Regierungspolitik integriert, sowie das verst\u00e4rkte Erlernen der Nachbarsprachen werden besonders betont. Ein weiterer Vorschlag ist die Schaffung des Amtes eines \u201eHaut-Commissaire\u201c f\u00fcr grenz\u00fcberschreitende Fragen, der die Koordination der Regierungspolitik \u00fcbernehmen soll.<\/p>\n<p>Der Bericht wird nun dem Minister f\u00fcr europ\u00e4ische Angelegenheiten vorgelegt, um die Umsetzung der vorgeschlagenen Ma\u00dfnahmen in konkrete Schritte zu erm\u00f6glichen.<\/p>","protected":false},"excerpt":{"rendered":"<p>Am 5. M\u00e4rz wurde der Bericht von Brigitte Klinkert, der Abgeordneten des Departements Haut-Rhin,\u00a0 \u00fcber die allt\u00e4glichen Schwierigkeiten der in grenznahen Gebieten lebenden Franzosen einstimmig von der \u201eCommission des Affaires \u00e9trang\u00e8res de l&#8217;Assembl\u00e9e nationale\u201c (Kommission f\u00fcr ausw\u00e4rtige Angelegenheiten der Nationalversammlung) verabschiedet Er thematisiert die Herausforderungen, mit denen die rund 25 Millionen Grenzg\u00e4ngerinnen und Grenzg\u00e4nger im [&hellip;]<\/p>\n","protected":false},"author":3,"featured_media":3547,"comment_status":"closed","ping_status":"closed","sticky":false,"template":"","format":"standard","meta":{"_acf_changed":false,"_seopress_robots_primary_cat":"none","_seopress_titles_title":"","_seopress_titles_desc":"Le 5 mars, le rapport de Brigitte Klinkert, d\u00e9put\u00e9e du d\u00e9partement du Haut-Rhin, sur les difficult\u00e9s quotidiennes des Fran\u00e7ais vivant dans des zones transfrontali\u00e8res a \u00e9t\u00e9 adopt\u00e9 \u00e0 l&#039;unanimit\u00e9 par la \u00ab Commission des Affaires \u00e9trang\u00e8res de l&#039;Assembl\u00e9e nationale \u00bb","_seopress_robots_index":"","inline_featured_image":false,"footnotes":""},"categories":[1],"tags":[],"class_list":["post-3548","post","type-post","status-publish","format-standard","has-post-thumbnail","hentry","category-non-classe"],"acf":[],"publishpress_future_workflow_manual_trigger":{"enabledWorkflows":[]},"_links":{"self":[{"href":"https:\/\/eurhena.eu\/de\/wp-json\/wp\/v2\/posts\/3548","targetHints":{"allow":["GET"]}}],"collection":[{"href":"https:\/\/eurhena.eu\/de\/wp-json\/wp\/v2\/posts"}],"about":[{"href":"https:\/\/eurhena.eu\/de\/wp-json\/wp\/v2\/types\/post"}],"author":[{"embeddable":true,"href":"https:\/\/eurhena.eu\/de\/wp-json\/wp\/v2\/users\/3"}],"replies":[{"embeddable":true,"href":"https:\/\/eurhena.eu\/de\/wp-json\/wp\/v2\/comments?post=3548"}],"version-history":[{"count":3,"href":"https:\/\/eurhena.eu\/de\/wp-json\/wp\/v2\/posts\/3548\/revisions"}],"predecessor-version":[{"id":3553,"href":"https:\/\/eurhena.eu\/de\/wp-json\/wp\/v2\/posts\/3548\/revisions\/3553"}],"wp:featuredmedia":[{"embeddable":true,"href":"https:\/\/eurhena.eu\/de\/wp-json\/wp\/v2\/media\/3547"}],"wp:attachment":[{"href":"https:\/\/eurhena.eu\/de\/wp-json\/wp\/v2\/media?parent=3548"}],"wp:term":[{"taxonomy":"category","embeddable":true,"href":"https:\/\/eurhena.eu\/de\/wp-json\/wp\/v2\/categories?post=3548"},{"taxonomy":"post_tag","embeddable":true,"href":"https:\/\/eurhena.eu\/de\/wp-json\/wp\/v2\/tags?post=3548"}],"curies":[{"name":"wp","href":"https:\/\/api.w.org\/{rel}","templated":true}]}}