{"id":3481,"date":"2025-02-27T10:42:31","date_gmt":"2025-02-27T09:42:31","guid":{"rendered":"https:\/\/eurhena.eu\/?p=3481"},"modified":"2025-02-27T14:14:07","modified_gmt":"2025-02-27T13:14:07","slug":"match-de-foot-entre-le-district-dalsace-de-football-et-le-fussball-bezirk-freiburg","status":"publish","type":"post","link":"https:\/\/eurhena.eu\/de\/fusballspiel-zwischen-district-dalsace-de-football-und-dem-fusball-bezirk-freiburg\/","title":{"rendered":"Fu\u00dfballspiel zwischen district d&#8217;Alsace de Football und dem Fu\u00dfball Bezirk Freiburg"},"content":{"rendered":"<p>Am Sonntag, den 16. Februar 2025 fand in Staufen ein Fu\u00dfballspiel zwischen dem district d&#8217;Alsace de Football und dem Fu\u00dfball Bezirk Freiburg unter der Leitung von Robert Veit und der Anwesenheit von dem Stadtrat der Stadt Freiburg Arno Heger statt.<\/p>\n<p>Unser Eurodistrict Eurhena unterst\u00fctzte das Turnier und stellte den Mitspielern T-Shirts zur Verf\u00fcgung.<\/p>\n<p>So k\u00f6nnen unsere grenz\u00fcberschreitenden Reflexe im Alltag gelebt werden!<\/p>\n<p>&nbsp;<\/p>","protected":false},"excerpt":{"rendered":"<p>Am Sonntag, den 16. Februar 2025 fand in Staufen ein Fu\u00dfballspiel zwischen dem district d&#8217;Alsace de Football und dem Fu\u00dfball Bezirk Freiburg unter der Leitung von Robert Veit und der Anwesenheit von dem Stadtrat der Stadt Freiburg Arno Heger statt. Unser Eurodistrict Eurhena unterst\u00fctzte das Turnier und stellte den Mitspielern T-Shirts zur Verf\u00fcgung. So k\u00f6nnen [&hellip;]<\/p>\n","protected":false},"author":3,"featured_media":3485,"comment_status":"closed","ping_status":"closed","sticky":false,"template":"","format":"standard","meta":{"_acf_changed":false,"_seopress_robots_primary_cat":"none","_seopress_titles_title":"","_seopress_titles_desc":"Le dimanche 16 f\u00e9vrier 2025, un match de football a eu lieu \u00e0 Staufen entre le district d&#039;Alsace de Football et le Fu\u00dfball Bezirk Freiburg.\r\n\r\nNotre Eurodistrict Eurhena a soutenu le match et a mis des T-shirts \u00e0 disposition des \u00e9quipes.\r\n\r\nVoil\u00e0 une mani\u00e8re de faire vivre nos r\u00e9flexes transfrontaliers au quotidien !","_seopress_robots_index":"","inline_featured_image":false,"footnotes":""},"categories":[1],"tags":[],"class_list":["post-3481","post","type-post","status-publish","format-standard","has-post-thumbnail","hentry","category-non-classe"],"acf":[],"publishpress_future_workflow_manual_trigger":{"enabledWorkflows":[]},"_links":{"self":[{"href":"https:\/\/eurhena.eu\/de\/wp-json\/wp\/v2\/posts\/3481","targetHints":{"allow":["GET"]}}],"collection":[{"href":"https:\/\/eurhena.eu\/de\/wp-json\/wp\/v2\/posts"}],"about":[{"href":"https:\/\/eurhena.eu\/de\/wp-json\/wp\/v2\/types\/post"}],"author":[{"embeddable":true,"href":"https:\/\/eurhena.eu\/de\/wp-json\/wp\/v2\/users\/3"}],"replies":[{"embeddable":true,"href":"https:\/\/eurhena.eu\/de\/wp-json\/wp\/v2\/comments?post=3481"}],"version-history":[{"count":2,"href":"https:\/\/eurhena.eu\/de\/wp-json\/wp\/v2\/posts\/3481\/revisions"}],"predecessor-version":[{"id":3486,"href":"https:\/\/eurhena.eu\/de\/wp-json\/wp\/v2\/posts\/3481\/revisions\/3486"}],"wp:featuredmedia":[{"embeddable":true,"href":"https:\/\/eurhena.eu\/de\/wp-json\/wp\/v2\/media\/3485"}],"wp:attachment":[{"href":"https:\/\/eurhena.eu\/de\/wp-json\/wp\/v2\/media?parent=3481"}],"wp:term":[{"taxonomy":"category","embeddable":true,"href":"https:\/\/eurhena.eu\/de\/wp-json\/wp\/v2\/categories?post=3481"},{"taxonomy":"post_tag","embeddable":true,"href":"https:\/\/eurhena.eu\/de\/wp-json\/wp\/v2\/tags?post=3481"}],"curies":[{"name":"wp","href":"https:\/\/api.w.org\/{rel}","templated":true}]}}