{"id":3386,"date":"2025-02-04T16:56:40","date_gmt":"2025-02-04T15:56:40","guid":{"rendered":"https:\/\/eurhena.eu\/?p=3386"},"modified":"2025-02-25T15:31:28","modified_gmt":"2025-02-25T14:31:28","slug":"prochaine-assemblee-de-leurodistrict-eurhena-a-selestat","status":"publish","type":"post","link":"https:\/\/eurhena.eu\/de\/fr-prochaine-assemblee-de-leurodistrict-eurhena-a-selestat\/","title":{"rendered":"N\u00e4chste Versammlung des Eurodistricts in S\u00e9lestat"},"content":{"rendered":"<p>Die Mitglieder des Eurodistricts Eurhena versammelten sich am 14. Februar 2025, um insbesondere die Haushaltsleitlinien 2025 des EVTZ Eurhena zu diskutieren.<\/p>\n<p>Saal Saint Barbe &#8211; 10h00<\/p>\n<p>Wir danken der Stadt S\u00e9lestat f\u00fcr ihren Empfang und dem B\u00fcrgermeister Marcel Bauer f\u00fcr seine herzliche Begr\u00fc\u00dfung unserer Mitglieder in der Hauptstadt des rheinischen Humanismus!<\/p>","protected":false},"excerpt":{"rendered":"<p>Die Mitglieder des Eurodistricts Eurhena versammelten sich am 14. Februar 2025, um insbesondere die Haushaltsleitlinien 2025 des EVTZ Eurhena zu diskutieren. Saal Saint Barbe &#8211; 10h00 Wir danken der Stadt S\u00e9lestat f\u00fcr ihren Empfang und dem B\u00fcrgermeister Marcel Bauer f\u00fcr seine herzliche Begr\u00fc\u00dfung unserer Mitglieder in der Hauptstadt des rheinischen Humanismus!<\/p>\n","protected":false},"author":2,"featured_media":3389,"comment_status":"closed","ping_status":"closed","sticky":false,"template":"","format":"standard","meta":{"_acf_changed":false,"_seopress_robots_primary_cat":"none","_seopress_titles_title":"","_seopress_titles_desc":"","_seopress_robots_index":"","inline_featured_image":false,"footnotes":""},"categories":[1],"tags":[],"class_list":["post-3386","post","type-post","status-publish","format-standard","has-post-thumbnail","hentry","category-non-classe"],"acf":[],"publishpress_future_workflow_manual_trigger":{"enabledWorkflows":[]},"_links":{"self":[{"href":"https:\/\/eurhena.eu\/de\/wp-json\/wp\/v2\/posts\/3386","targetHints":{"allow":["GET"]}}],"collection":[{"href":"https:\/\/eurhena.eu\/de\/wp-json\/wp\/v2\/posts"}],"about":[{"href":"https:\/\/eurhena.eu\/de\/wp-json\/wp\/v2\/types\/post"}],"author":[{"embeddable":true,"href":"https:\/\/eurhena.eu\/de\/wp-json\/wp\/v2\/users\/2"}],"replies":[{"embeddable":true,"href":"https:\/\/eurhena.eu\/de\/wp-json\/wp\/v2\/comments?post=3386"}],"version-history":[{"count":5,"href":"https:\/\/eurhena.eu\/de\/wp-json\/wp\/v2\/posts\/3386\/revisions"}],"predecessor-version":[{"id":3464,"href":"https:\/\/eurhena.eu\/de\/wp-json\/wp\/v2\/posts\/3386\/revisions\/3464"}],"wp:featuredmedia":[{"embeddable":true,"href":"https:\/\/eurhena.eu\/de\/wp-json\/wp\/v2\/media\/3389"}],"wp:attachment":[{"href":"https:\/\/eurhena.eu\/de\/wp-json\/wp\/v2\/media?parent=3386"}],"wp:term":[{"taxonomy":"category","embeddable":true,"href":"https:\/\/eurhena.eu\/de\/wp-json\/wp\/v2\/categories?post=3386"},{"taxonomy":"post_tag","embeddable":true,"href":"https:\/\/eurhena.eu\/de\/wp-json\/wp\/v2\/tags?post=3386"}],"curies":[{"name":"wp","href":"https:\/\/api.w.org\/{rel}","templated":true}]}}