{"id":3369,"date":"2025-01-27T12:32:31","date_gmt":"2025-01-27T11:32:31","guid":{"rendered":"https:\/\/eurhena.eu\/?p=3369"},"modified":"2025-01-27T12:32:31","modified_gmt":"2025-01-27T11:32:31","slug":"conference-debat-alsaciens-et-allemands-du-bade-et-du-palatinat-comment-construire-une-memoire-transfrontaliere-de-la-guerre-et-du-nazisme","status":"publish","type":"post","link":"https:\/\/eurhena.eu\/de\/elsasser-und-deutsche-aus-baden-und-der-pfalz-wie-kann-man-eine-grenzuberschreitende-erinnerung-an-den-krieg-und-den-nationalsozialismus-aufbauen\/","title":{"rendered":"\u201eEls\u00e4sser und Deutsche aus Baden und der Pfalz, Wie kann man eine grenz\u00fcberschreitende Erinnerung an den Krieg und den Nationalsozialismus aufbauen?\u201c"},"content":{"rendered":"<p><\/p>\n<p style=\"font-weight: 400;\">Im Rahmen der Gedenkfeiern zum 80. Jahrestag der Befreiung organisieren die Archives d&#8217;Alsace (Collectivit\u00e9 europ\u00e9enne d&#8217;Alsace) und die UMR 3400 ARCHE (Universit\u00e9 de Strasbourg) wissenschaftlichen und kulturellen Veranstaltungen mit dem Titel <strong>\u201e<em>Vies en guerre et en dictature. Alsace 1939-1945<\/em>\u201c<\/strong>. Ziel dieser Initiative ist es, die neuesten Ergebnisse der historiografischen Forschung zum Sonderfall Elsass w\u00e4hrend des Zweiten Weltkriegs vorzustellen und den Dialog zwischen Wissenschaft und Gesellschaft \u00fcber die aktuelle Erinnerungsdynamik zu f\u00f6rdern.<\/p>\n<p style=\"font-weight: 400;\">Es handelt sich um eine <strong style=\"font-weight: 400;\">Vortrags- und Diskussionsveranstaltung<\/strong> , die dank der Unterst\u00fctzung der Communaut\u00e9 de Communes Alsace Rhin Brisach im Rahmen der Ausstellung \u201e<em style=\"font-weight: 400;\">Julius Leber: Vom Elsass zum deutschen Widerstand, ein Leben f\u00fcr Freiheit und Demokratie<\/em>\u201c stattfinden wird.<\/p>\n<p style=\"font-weight: 400;\"><strong>Vortrag und Diskussion: \u201eEls\u00e4sser und Deutsche aus Baden und der Pfalz, Wie kann man eine grenz\u00fcberschreitende Erinnerung an den Krieg und den Nationalsozialismus aufbauen?\u201c<\/strong><\/p>\n<p style=\"font-weight: 400;\"><strong>Ort<\/strong>: Art&#8217;Rhena, Rheininsel, Vogelgrun (<a href=\"https:\/\/www.google.fr\/maps\/place\/ArtRhena\/@48.0327697,7.5608817,15113m\/data=!3m1!1e3!4m6!3m5!1s0x4791134de12d157f:0xbcc17d1916d5bf41!8m2!3d48.0222793!4d7.5790253!16s%2Fg%2F11qpb4kpgw?entry=ttu&amp;g_ep=EgoyMDI1MDExNS4wIKXMDSoASAFQAw%3D%3D\" data-saferedirecturl=\"https:\/\/www.google.com\/url?q=https:\/\/www.google.fr\/maps\/place\/ArtRhena\/@48.0327697,7.5608817,15113m\/data%3D!3m1!1e3!4m6!3m5!1s0x4791134de12d157f:0xbcc17d1916d5bf41!8m2!3d48.0222793!4d7.5790253!16s%252Fg%252F11qpb4kpgw?entry%3Dttu%26g_ep%3DEgoyMDI1MDExNS4wIKXMDSoASAFQAw%253D%253D&amp;source=gmail&amp;ust=1738048407118000&amp;usg=AOvVaw3iiQqE9kfXuWziTrtRS0Sg\">ArtRhena &#8211; Google\u00a0Maps<\/a>)<\/p>\n<p style=\"font-weight: 400;\"><strong>Datum<\/strong>: Donnerstag, 30. Januar 2025<\/p>\n<p style=\"font-weight: 400;\"><strong>Uhrzeit<\/strong>: 18.00 Uhr<\/p>\n<p style=\"font-weight: 400;\"><u>Praktische Infos<\/u>:<\/p>\n<ul>\n<li style=\"font-weight: 400;\">Vor dem Vortrag findet um 16.30 Uhr eine zweisprachige F\u00fchrung durch die Ausstellung statt, die von Dr. Marvin Gamisch, dem Kurator der Ausstellung, kommentiert wird.<\/li>\n<li style=\"font-weight: 400;\">Der Vortrag und die Diskussion wird simultan \u00fcbersetzt, um eine optimale Zug\u00e4nglichkeit f\u00fcr deutsch- und franz\u00f6sischsprachige Zuh\u00f6rer zu gew\u00e4hrleisten. F\u00fcr mehr Informationen k\u00f6nnen Sie sich an <a href=\"mailto:antonin.simler@alsace.eu\">antonin.simler@alsace.eu<\/a> wenden.<\/li>\n<\/ul>\n<p><\/p>","protected":false},"excerpt":{"rendered":"<p>Im Rahmen der Gedenkfeiern zum 80. Jahrestag der Befreiung organisieren die Archives d&#8217;Alsace (Collectivit\u00e9 europ\u00e9enne d&#8217;Alsace) und die UMR 3400 ARCHE (Universit\u00e9 de Strasbourg) wissenschaftlichen und kulturellen Veranstaltungen mit dem Titel \u201eVies en guerre et en dictature. Alsace 1939-1945\u201c. Ziel dieser Initiative ist es, die neuesten Ergebnisse der historiografischen Forschung zum Sonderfall Elsass w\u00e4hrend des [&hellip;]<\/p>\n","protected":false},"author":3,"featured_media":3375,"comment_status":"closed","ping_status":"closed","sticky":false,"template":"","format":"standard","meta":{"_acf_changed":false,"_seopress_robots_primary_cat":"none","_seopress_titles_title":"","_seopress_titles_desc":"","_seopress_robots_index":"","inline_featured_image":false,"footnotes":""},"categories":[1],"tags":[],"class_list":["post-3369","post","type-post","status-publish","format-standard","has-post-thumbnail","hentry","category-non-classe"],"acf":[],"publishpress_future_workflow_manual_trigger":{"enabledWorkflows":[]},"_links":{"self":[{"href":"https:\/\/eurhena.eu\/de\/wp-json\/wp\/v2\/posts\/3369","targetHints":{"allow":["GET"]}}],"collection":[{"href":"https:\/\/eurhena.eu\/de\/wp-json\/wp\/v2\/posts"}],"about":[{"href":"https:\/\/eurhena.eu\/de\/wp-json\/wp\/v2\/types\/post"}],"author":[{"embeddable":true,"href":"https:\/\/eurhena.eu\/de\/wp-json\/wp\/v2\/users\/3"}],"replies":[{"embeddable":true,"href":"https:\/\/eurhena.eu\/de\/wp-json\/wp\/v2\/comments?post=3369"}],"version-history":[{"count":3,"href":"https:\/\/eurhena.eu\/de\/wp-json\/wp\/v2\/posts\/3369\/revisions"}],"predecessor-version":[{"id":3378,"href":"https:\/\/eurhena.eu\/de\/wp-json\/wp\/v2\/posts\/3369\/revisions\/3378"}],"wp:featuredmedia":[{"embeddable":true,"href":"https:\/\/eurhena.eu\/de\/wp-json\/wp\/v2\/media\/3375"}],"wp:attachment":[{"href":"https:\/\/eurhena.eu\/de\/wp-json\/wp\/v2\/media?parent=3369"}],"wp:term":[{"taxonomy":"category","embeddable":true,"href":"https:\/\/eurhena.eu\/de\/wp-json\/wp\/v2\/categories?post=3369"},{"taxonomy":"post_tag","embeddable":true,"href":"https:\/\/eurhena.eu\/de\/wp-json\/wp\/v2\/tags?post=3369"}],"curies":[{"name":"wp","href":"https:\/\/api.w.org\/{rel}","templated":true}]}}