{"id":3351,"date":"2025-01-08T12:04:45","date_gmt":"2025-01-08T11:04:45","guid":{"rendered":"https:\/\/eurhena.eu\/?p=3351"},"modified":"2025-01-08T12:04:45","modified_gmt":"2025-01-08T11:04:45","slug":"la-prestigieuse-staufermedaille-pour-gerard-hug-president-de-la-communaute-de-communes-alsace-rhin-brisach-ccarb","status":"publish","type":"post","link":"https:\/\/eurhena.eu\/de\/die-prestigetrachtige-staufermedaille-fur-gerard-hug-prasident-der-communaute-de-communes-alsace-rhin-brisach-ccarb\/","title":{"rendered":"Die prestigetr\u00e4chtige Staufermedaille f\u00fcr G\u00e9rard Hug \u2013 Pr\u00e4sident der Communaut\u00e9 de communes Alsace Rhin Brisach (CCARB"},"content":{"rendered":"<p>Der Eurodistrict<em> Eurhena<\/em> Region Freiburg \u2013 Centre et Sud Alsace gratulierte im Rahmen seiner Versammlung am 12.12.24 unter Vorsitz des Pr\u00e4sidenten Herrn Landrat Hurth G\u00e9rard Hug, Pr\u00e4sident der Communaut\u00e9 de communes Alsace Rhin Brisach (CCARB) und B\u00fcrgermeister von Biesheim, zum Erhalt der Staufermedaille.<\/p>\n<p>Sie wurde ihm am 13. November in Stuttgart zu Ehren seines unerm\u00fcdlichen Engagements in der grenz\u00fcberschreitenden Zusammenarbeit vom Land Baden-W\u00fcrttemberg \u00fcberreicht. Es handelt sich hierbei um eine besondere, pers\u00f6nliche Auszeichnung des\u00a0Ministerpr\u00e4sidenten\u00a0von\u00a0Baden-W\u00fcrttemberg\u00a0f\u00fcr Verdienste um das Land Baden-W\u00fcrttemberg.<\/p>\n<p>G\u00e9rard Hug hat ma\u00dfgebliche Positionen in wichtigen deutsch-franz\u00f6sischen Initiativen \u00fcbernommen. Besonders hervorzuheben ist seine Rolle als ehemaliger Pr\u00e4sident des Eurodistrict <em>Eurhena<\/em> von 2020 bis 2023. Er leitete au\u00dferdem die Arbeitsgruppe \u201eBesteuerung der Renten\u201c bei Infobest Vogelgrun-Breisach und trug zur Verlagerung dieser Institution in das deutsch-franz\u00f6sische Geb\u00e4ude Art&#8217;Rhena bei. Seine Mitwirkung in weiteren Organisationen wie dem Oberrheinrat, dem Begleitausschuss Interreg Oberrhein und dem Grenz\u00fcberschreitenden Zweckverband Mittelhardt &#8211; Oberrhein unterstreichen sein Engagement f\u00fcr eine engere Zusammenarbeit \u00fcber die Grenzen hinweg.<\/p>","protected":false},"excerpt":{"rendered":"<p>Der Eurodistrict Eurhena Region Freiburg \u2013 Centre et Sud Alsace gratulierte im Rahmen seiner Versammlung am 12.12.24 unter Vorsitz des Pr\u00e4sidenten Herrn Landrat Hurth G\u00e9rard Hug, Pr\u00e4sident der Communaut\u00e9 de communes Alsace Rhin Brisach (CCARB) und B\u00fcrgermeister von Biesheim, zum Erhalt der Staufermedaille. Sie wurde ihm am 13. November in Stuttgart zu Ehren seines unerm\u00fcdlichen [&hellip;]<\/p>\n","protected":false},"author":3,"featured_media":3317,"comment_status":"closed","ping_status":"closed","sticky":false,"template":"","format":"standard","meta":{"_acf_changed":false,"_seopress_robots_primary_cat":"none","_seopress_titles_title":"","_seopress_titles_desc":"","_seopress_robots_index":"","inline_featured_image":false,"footnotes":""},"categories":[1],"tags":[],"class_list":["post-3351","post","type-post","status-publish","format-standard","has-post-thumbnail","hentry","category-non-classe"],"acf":[],"publishpress_future_workflow_manual_trigger":{"enabledWorkflows":[]},"_links":{"self":[{"href":"https:\/\/eurhena.eu\/de\/wp-json\/wp\/v2\/posts\/3351","targetHints":{"allow":["GET"]}}],"collection":[{"href":"https:\/\/eurhena.eu\/de\/wp-json\/wp\/v2\/posts"}],"about":[{"href":"https:\/\/eurhena.eu\/de\/wp-json\/wp\/v2\/types\/post"}],"author":[{"embeddable":true,"href":"https:\/\/eurhena.eu\/de\/wp-json\/wp\/v2\/users\/3"}],"replies":[{"embeddable":true,"href":"https:\/\/eurhena.eu\/de\/wp-json\/wp\/v2\/comments?post=3351"}],"version-history":[{"count":2,"href":"https:\/\/eurhena.eu\/de\/wp-json\/wp\/v2\/posts\/3351\/revisions"}],"predecessor-version":[{"id":3355,"href":"https:\/\/eurhena.eu\/de\/wp-json\/wp\/v2\/posts\/3351\/revisions\/3355"}],"wp:featuredmedia":[{"embeddable":true,"href":"https:\/\/eurhena.eu\/de\/wp-json\/wp\/v2\/media\/3317"}],"wp:attachment":[{"href":"https:\/\/eurhena.eu\/de\/wp-json\/wp\/v2\/media?parent=3351"}],"wp:term":[{"taxonomy":"category","embeddable":true,"href":"https:\/\/eurhena.eu\/de\/wp-json\/wp\/v2\/categories?post=3351"},{"taxonomy":"post_tag","embeddable":true,"href":"https:\/\/eurhena.eu\/de\/wp-json\/wp\/v2\/tags?post=3351"}],"curies":[{"name":"wp","href":"https:\/\/api.w.org\/{rel}","templated":true}]}}