{"id":2818,"date":"2024-04-23T10:30:31","date_gmt":"2024-04-23T08:30:31","guid":{"rendered":"https:\/\/eurhena.eu\/?p=2818"},"modified":"2024-04-23T10:46:48","modified_gmt":"2024-04-23T08:46:48","slug":"jardin-de-leurodistrict-dans-le-marche-deuropa-a-emmendingen-le-24-5-24","status":"publish","type":"post","link":"https:\/\/eurhena.eu\/de\/europamarkt-emmendingen-24-5-2024\/","title":{"rendered":"Der &#8222;Eurodistrict Garten&#8220; im Europamarkt Emmendingen 24.5.2024"},"content":{"rendered":"<p>Tauchen wir gemeinsam ein und erkunden unseren deutsch-franz\u00f6sischen Garten an der Grenze. Kennen Sie beispielsweise alle Br\u00fccken in unserem Eurodistrict beim Namen und wissen Sie wo sie sich befinden ?<\/p>\n<p>Das Staatsministerium Badenw\u00fcrttemberg, das Landratsamt Emmendingen, die Stadt Emmendingen und die Volkshochschule N\u00f6rdlicher Breisgau bieten lustige Aktivit\u00e4ten, wie Torwandschie\u00dfen und Riesenpuzzle, Kaffee und Informationen zur Europawahl. N\u00e4here Infos finden Sie <a href=\"https:\/\/www.landkreis-emmendingen.de\/fileadmin\/Dateien\/Webseite\/Dateien\/Landkreis_Politik\/Europa\/LKEM_Flyer_DIN_Lang_Veranst._Europa_2024.pdf\">hier<\/a><\/p>\n<p>Auch unser Eurodistrict wird einen Stand anbieten und freut sich darauf mit Ihnen eine Tour durch unseren Eurodistrict Garten zu unternehmen !<\/p>\n<p>&nbsp;<\/p>\n<p>&nbsp;<\/p>","protected":false},"excerpt":{"rendered":"<p>Tauchen wir gemeinsam ein und erkunden unseren deutsch-franz\u00f6sischen Garten an der Grenze. Kennen Sie beispielsweise alle Br\u00fccken in unserem Eurodistrict beim Namen und wissen Sie wo sie sich befinden ? Das Staatsministerium Badenw\u00fcrttemberg, das Landratsamt Emmendingen, die Stadt Emmendingen und die Volkshochschule N\u00f6rdlicher Breisgau bieten lustige Aktivit\u00e4ten, wie Torwandschie\u00dfen und Riesenpuzzle, Kaffee und Informationen zur [&hellip;]<\/p>\n","protected":false},"author":3,"featured_media":2825,"comment_status":"closed","ping_status":"closed","sticky":false,"template":"","format":"standard","meta":{"_acf_changed":false,"_seopress_robots_primary_cat":"none","_seopress_titles_title":"","_seopress_titles_desc":"L&#039;Eurodistrict propose un stand le 24.5.24 \u00e0Emmendingen dans le cadre du march\u00e9 d&#039;Europe pour informer les citoyens sur les \u00e9lections europ\u00e9ennes. \r\n","_seopress_robots_index":"","inline_featured_image":false,"footnotes":""},"categories":[1],"tags":[],"class_list":["post-2818","post","type-post","status-publish","format-standard","has-post-thumbnail","hentry","category-non-classe"],"acf":[],"publishpress_future_workflow_manual_trigger":{"enabledWorkflows":[]},"_links":{"self":[{"href":"https:\/\/eurhena.eu\/de\/wp-json\/wp\/v2\/posts\/2818","targetHints":{"allow":["GET"]}}],"collection":[{"href":"https:\/\/eurhena.eu\/de\/wp-json\/wp\/v2\/posts"}],"about":[{"href":"https:\/\/eurhena.eu\/de\/wp-json\/wp\/v2\/types\/post"}],"author":[{"embeddable":true,"href":"https:\/\/eurhena.eu\/de\/wp-json\/wp\/v2\/users\/3"}],"replies":[{"embeddable":true,"href":"https:\/\/eurhena.eu\/de\/wp-json\/wp\/v2\/comments?post=2818"}],"version-history":[{"count":9,"href":"https:\/\/eurhena.eu\/de\/wp-json\/wp\/v2\/posts\/2818\/revisions"}],"predecessor-version":[{"id":2863,"href":"https:\/\/eurhena.eu\/de\/wp-json\/wp\/v2\/posts\/2818\/revisions\/2863"}],"wp:featuredmedia":[{"embeddable":true,"href":"https:\/\/eurhena.eu\/de\/wp-json\/wp\/v2\/media\/2825"}],"wp:attachment":[{"href":"https:\/\/eurhena.eu\/de\/wp-json\/wp\/v2\/media?parent=2818"}],"wp:term":[{"taxonomy":"category","embeddable":true,"href":"https:\/\/eurhena.eu\/de\/wp-json\/wp\/v2\/categories?post=2818"},{"taxonomy":"post_tag","embeddable":true,"href":"https:\/\/eurhena.eu\/de\/wp-json\/wp\/v2\/tags?post=2818"}],"curies":[{"name":"wp","href":"https:\/\/api.w.org\/{rel}","templated":true}]}}