{"id":2758,"date":"2024-04-05T16:49:35","date_gmt":"2024-04-05T14:49:35","guid":{"rendered":"https:\/\/eurhena.eu\/?p=2758"},"modified":"2024-04-05T16:49:35","modified_gmt":"2024-04-05T14:49:35","slug":"le-sentier-interregio","status":"publish","type":"post","link":"https:\/\/eurhena.eu\/de\/fr-le-sentier-interregio\/","title":{"rendered":"DER INTERREGIO-WANDERWEG\u2026"},"content":{"rendered":"<p>\u2026macht f\u00fcr den Wanderer das Dreil\u00e4ndereck am Hoch- und Oberrhein erlebbar. Zwischen Schwarzwald, S\u00fcdvogesen und Jura f\u00fchrt der 210 km lange Rundwanderweg in elf Tagesetappen um Basel und erschlie\u00dft dabei das Markgr\u00e4flerland, den Hochrhein bei Rheinfelden, das Baselgebiet sowie den Sundgau s\u00fcdlich von Mulhouse. Zweimal \u00fcberquert der Weg den Rhein und bietet einen Einblick in eine landschaftlich, kulturell und \u00f6konomisch sehenswerte Region Europas. Die Etappenorte sind in der Regel gut an den \u00f6ffentlichen Personennahverkehr angebunden.<\/p>\n<p>F\u00fcr weitere Infos, <a href=\"https:\/\/www.schwarzwaldverein.de\/wp-content\/uploads\/2022\/06\/interregioweg2022_web.pdf\">klicken Sie hier<\/a><\/p>","protected":false},"excerpt":{"rendered":"<p>\u2026macht f\u00fcr den Wanderer das Dreil\u00e4ndereck am Hoch- und Oberrhein erlebbar. Zwischen Schwarzwald, S\u00fcdvogesen und Jura f\u00fchrt der 210 km lange Rundwanderweg in elf Tagesetappen um Basel und erschlie\u00dft dabei das Markgr\u00e4flerland, den Hochrhein bei Rheinfelden, das Baselgebiet sowie den Sundgau s\u00fcdlich von Mulhouse. Zweimal \u00fcberquert der Weg den Rhein und bietet einen Einblick in [&hellip;]<\/p>\n","protected":false},"author":3,"featured_media":1296,"comment_status":"closed","ping_status":"closed","sticky":false,"template":"","format":"standard","meta":{"_acf_changed":false,"_seopress_robots_primary_cat":"none","_seopress_titles_title":"","_seopress_titles_desc":"Un sentir de randonn\u00e9e de 210km qui permet de d\u00e9couvrir les trois pays dans dans la r\u00e9gion entourant B\u00e2le en 11 \u00e9tapes \u00e0 travers la For\u00eat-Noire, les Vosges du Sud et le Jura.","_seopress_robots_index":"","inline_featured_image":false,"footnotes":""},"categories":[1],"tags":[],"class_list":["post-2758","post","type-post","status-publish","format-standard","has-post-thumbnail","hentry","category-non-classe"],"acf":[],"publishpress_future_workflow_manual_trigger":{"enabledWorkflows":[]},"_links":{"self":[{"href":"https:\/\/eurhena.eu\/de\/wp-json\/wp\/v2\/posts\/2758","targetHints":{"allow":["GET"]}}],"collection":[{"href":"https:\/\/eurhena.eu\/de\/wp-json\/wp\/v2\/posts"}],"about":[{"href":"https:\/\/eurhena.eu\/de\/wp-json\/wp\/v2\/types\/post"}],"author":[{"embeddable":true,"href":"https:\/\/eurhena.eu\/de\/wp-json\/wp\/v2\/users\/3"}],"replies":[{"embeddable":true,"href":"https:\/\/eurhena.eu\/de\/wp-json\/wp\/v2\/comments?post=2758"}],"version-history":[{"count":3,"href":"https:\/\/eurhena.eu\/de\/wp-json\/wp\/v2\/posts\/2758\/revisions"}],"predecessor-version":[{"id":2763,"href":"https:\/\/eurhena.eu\/de\/wp-json\/wp\/v2\/posts\/2758\/revisions\/2763"}],"wp:featuredmedia":[{"embeddable":true,"href":"https:\/\/eurhena.eu\/de\/wp-json\/wp\/v2\/media\/1296"}],"wp:attachment":[{"href":"https:\/\/eurhena.eu\/de\/wp-json\/wp\/v2\/media?parent=2758"}],"wp:term":[{"taxonomy":"category","embeddable":true,"href":"https:\/\/eurhena.eu\/de\/wp-json\/wp\/v2\/categories?post=2758"},{"taxonomy":"post_tag","embeddable":true,"href":"https:\/\/eurhena.eu\/de\/wp-json\/wp\/v2\/tags?post=2758"}],"curies":[{"name":"wp","href":"https:\/\/api.w.org\/{rel}","templated":true}]}}