{"id":2749,"date":"2024-04-05T15:32:21","date_gmt":"2024-04-05T13:32:21","guid":{"rendered":"https:\/\/eurhena.eu\/?p=2749"},"modified":"2024-04-05T15:32:21","modified_gmt":"2024-04-05T13:32:21","slug":"exposition-ceramique-aqua-terra-a-la-fondation-francois-schneider-a-partir-du-20-avril-2024","status":"publish","type":"post","link":"https:\/\/eurhena.eu\/de\/keramik-ausstellung-aqua-terra-in-der-fondation-francois-schneider-ab-20-april-2024\/","title":{"rendered":"Keramik-Ausstellung \u201eAqua Terra&#8220; in der Fondation Fran\u00e7ois Schneider ab 20 April 2024"},"content":{"rendered":"<p>Ab dem 20. April stellt die Kunststiftung Fondation Fran\u00e7ois Schneider (Wattwiller\/S\u00fcdvogesen) mit \u201eAqua Terra\u201c zeitgen\u00f6ssische Keramik in den Fokus: Die skulpturalen Arbeiten von 32 jungen Keramik-K\u00fcnstler:innen erforschen die Verbindungen zwischen der Materie Erde und der Thematik des Wassers. Sie entf\u00fchren vom sonnigen Strand bis zum Meereshorizont und von den Polarregionen bis zu den Tiefen des Ozeans. Treibende Eisberge sind ebenso Thema wie das Unterwasserleben mit seinen bunten Korallen und Meerestieren.<\/p>\n<p>Inspiriert vom Element Wasser vermitteln die Keramikskulpturen gleichzeitig dessen Zerbrechlichkeit und Zartheit als kostbares \u00d6kosystem. \u201eAqua Terra\u201c l\u00e4sst in eine Welt eintauchen, die sowohl greifbar als auch fantastisch ist und in der die Phantasie durch die Magie der Keramik angeregt wird. <a href=\"https:\/\/www.fondationfrancoisschneider.org\/de\/aqua-terra-2\/\">https:\/\/www.fondationfrancoisschneider.org\/de\/aqua-terra-2\/<\/a><\/p>\n<p>&nbsp;<\/p>\n<p>Die Kunststiftung Fondation Fran\u00e7ois Schneider wendet sich mit seiner Sammlung zeitgen\u00f6ssischer Kunst und j\u00e4hrlichen Sonderausstellungen an ein breites Publikum. Immer dient dabei die Materie Wasser als Inspiration f\u00fcr die K\u00fcnstler:innen und als Leitfaden f\u00fcr die Besucher:innen.<\/p>\n<p>&nbsp;<\/p>\n<p>Fondation Fran\u00e7ois Schneider<br \/>\n27 rue de la Premi\u00e8re Arm\u00e9e 68700 Wattwiller \u2013 FRANKREICH<br \/>\nTEL : +33 (0)3 89 82 10 10 <a href=\"mailto:info@fondationfrancoisschneider.org\">info@fondationfrancoisschneider.org<\/a><\/p>\n<p>\u00d6ffnungszeiten: Mittwoch bis Sonntag, einschlie\u00dflich Feiertage (au\u00dfer 1. Mai, 24. bis 26. Dezember 2024 und 30. Dezember 2024 bis 1. Januar 2025) von 13 bis 17 Uhr (Oktober \u2013 Februar); Sommerbetrieb (M\u00e4rz &#8211; September) von 11 bis 18 Uhr<\/p>\n<p><a href=\"https:\/\/www.fondationfrancoisschneider.org\/\">https:\/\/www.fondationfrancoisschneider.org\/<\/a><\/p>","protected":false},"excerpt":{"rendered":"<p>Ab dem 20. April stellt die Kunststiftung Fondation Fran\u00e7ois Schneider (Wattwiller\/S\u00fcdvogesen) mit \u201eAqua Terra\u201c zeitgen\u00f6ssische Keramik in den Fokus: Die skulpturalen Arbeiten von 32 jungen Keramik-K\u00fcnstler:innen erforschen die Verbindungen zwischen der Materie Erde und der Thematik des Wassers. Sie entf\u00fchren vom sonnigen Strand bis zum Meereshorizont und von den Polarregionen bis zu den Tiefen des [&hellip;]<\/p>\n","protected":false},"author":3,"featured_media":2757,"comment_status":"closed","ping_status":"closed","sticky":false,"template":"","format":"standard","meta":{"_acf_changed":false,"_seopress_robots_primary_cat":"none","_seopress_titles_title":"","_seopress_titles_desc":"A partir de 20 Avril 2024 la fondation Fondation Fran\u00e7ois Schneider propose l&#039;exposition &quot;Aqua Terra&quot; sur l&#039;eau et la c\u00e9ramique \u00e0 Wattwiller, Vosges du Sud","_seopress_robots_index":"","inline_featured_image":false,"footnotes":""},"categories":[1],"tags":[],"class_list":["post-2749","post","type-post","status-publish","format-standard","has-post-thumbnail","hentry","category-non-classe"],"acf":[],"publishpress_future_workflow_manual_trigger":{"enabledWorkflows":[]},"_links":{"self":[{"href":"https:\/\/eurhena.eu\/de\/wp-json\/wp\/v2\/posts\/2749","targetHints":{"allow":["GET"]}}],"collection":[{"href":"https:\/\/eurhena.eu\/de\/wp-json\/wp\/v2\/posts"}],"about":[{"href":"https:\/\/eurhena.eu\/de\/wp-json\/wp\/v2\/types\/post"}],"author":[{"embeddable":true,"href":"https:\/\/eurhena.eu\/de\/wp-json\/wp\/v2\/users\/3"}],"replies":[{"embeddable":true,"href":"https:\/\/eurhena.eu\/de\/wp-json\/wp\/v2\/comments?post=2749"}],"version-history":[{"count":3,"href":"https:\/\/eurhena.eu\/de\/wp-json\/wp\/v2\/posts\/2749\/revisions"}],"predecessor-version":[{"id":2755,"href":"https:\/\/eurhena.eu\/de\/wp-json\/wp\/v2\/posts\/2749\/revisions\/2755"}],"wp:featuredmedia":[{"embeddable":true,"href":"https:\/\/eurhena.eu\/de\/wp-json\/wp\/v2\/media\/2757"}],"wp:attachment":[{"href":"https:\/\/eurhena.eu\/de\/wp-json\/wp\/v2\/media?parent=2749"}],"wp:term":[{"taxonomy":"category","embeddable":true,"href":"https:\/\/eurhena.eu\/de\/wp-json\/wp\/v2\/categories?post=2749"},{"taxonomy":"post_tag","embeddable":true,"href":"https:\/\/eurhena.eu\/de\/wp-json\/wp\/v2\/tags?post=2749"}],"curies":[{"name":"wp","href":"https:\/\/api.w.org\/{rel}","templated":true}]}}