{"id":1770,"date":"2023-07-07T11:52:54","date_gmt":"2023-07-07T09:52:54","guid":{"rendered":"https:\/\/eurhena.eu\/?p=1770"},"modified":"2024-02-20T14:51:35","modified_gmt":"2024-02-20T13:51:35","slug":"voter-a-lage-de-16-ans-cest-desormais-possible-dans-le-bade-wurtemberg","status":"publish","type":"post","link":"https:\/\/eurhena.eu\/de\/wahlen-mit-16-ist-nun-auch-in-baden-wurttemberg-moglich\/","title":{"rendered":"W\u00e4hlen mit 16 ist nun auch in Baden W\u00fcrttemberg m\u00f6glich!"},"content":{"rendered":"<p>Zum ersten Mal in Deutschland werden 16-J\u00e4hrige, die in Baden W\u00fcrttemberg wohnen, bei den Kommunalwahlen 2024 zur Stimmabgabe aufgefordert.<\/p>\n<p>Diese Reform, die 8% der Wahlberechtigten betrifft, war vom Landtag in Stuttgart verabschiedet worden, um die Beteiligung junger Menschen am politischen Leben zu st\u00e4rken.<\/p>","protected":false},"excerpt":{"rendered":"<p>Zum ersten Mal in Deutschland werden 16-J\u00e4hrige, die in Baden W\u00fcrttemberg wohnen, bei den Kommunalwahlen 2024 zur Stimmabgabe aufgefordert. Diese Reform, die 8% der Wahlberechtigten betrifft, war vom Landtag in Stuttgart verabschiedet worden, um die Beteiligung junger Menschen am politischen Leben zu st\u00e4rken.<\/p>\n","protected":false},"author":2,"featured_media":1776,"comment_status":"open","ping_status":"open","sticky":false,"template":"","format":"standard","meta":{"_acf_changed":false,"_seopress_robots_primary_cat":"none","_seopress_titles_title":"","_seopress_titles_desc":"","_seopress_robots_index":"","inline_featured_image":false,"footnotes":""},"categories":[1],"tags":[],"class_list":["post-1770","post","type-post","status-publish","format-standard","has-post-thumbnail","hentry","category-non-classe"],"acf":[],"publishpress_future_workflow_manual_trigger":{"enabledWorkflows":[]},"_links":{"self":[{"href":"https:\/\/eurhena.eu\/de\/wp-json\/wp\/v2\/posts\/1770","targetHints":{"allow":["GET"]}}],"collection":[{"href":"https:\/\/eurhena.eu\/de\/wp-json\/wp\/v2\/posts"}],"about":[{"href":"https:\/\/eurhena.eu\/de\/wp-json\/wp\/v2\/types\/post"}],"author":[{"embeddable":true,"href":"https:\/\/eurhena.eu\/de\/wp-json\/wp\/v2\/users\/2"}],"replies":[{"embeddable":true,"href":"https:\/\/eurhena.eu\/de\/wp-json\/wp\/v2\/comments?post=1770"}],"version-history":[{"count":2,"href":"https:\/\/eurhena.eu\/de\/wp-json\/wp\/v2\/posts\/1770\/revisions"}],"predecessor-version":[{"id":2508,"href":"https:\/\/eurhena.eu\/de\/wp-json\/wp\/v2\/posts\/1770\/revisions\/2508"}],"wp:featuredmedia":[{"embeddable":true,"href":"https:\/\/eurhena.eu\/de\/wp-json\/wp\/v2\/media\/1776"}],"wp:attachment":[{"href":"https:\/\/eurhena.eu\/de\/wp-json\/wp\/v2\/media?parent=1770"}],"wp:term":[{"taxonomy":"category","embeddable":true,"href":"https:\/\/eurhena.eu\/de\/wp-json\/wp\/v2\/categories?post=1770"},{"taxonomy":"post_tag","embeddable":true,"href":"https:\/\/eurhena.eu\/de\/wp-json\/wp\/v2\/tags?post=1770"}],"curies":[{"name":"wp","href":"https:\/\/api.w.org\/{rel}","templated":true}]}}