{"id":1675,"date":"2023-07-04T16:16:45","date_gmt":"2023-07-04T14:16:45","guid":{"rendered":"https:\/\/eurhena.eu\/?p=1675"},"modified":"2024-02-20T15:29:05","modified_gmt":"2024-02-20T14:29:05","slug":"9-07-a-vos-velos-et-traversez-les-ponts-la-bicyclette-roule-pour-le-trans-rhenan","status":"publish","type":"post","link":"https:\/\/eurhena.eu\/de\/9-7-23-hopla-auf-die-rader-und-uber-die-brucken\/","title":{"rendered":"9\/7\/23 Hopla! Auf die R\u00e4der und \u00fcber die Br\u00fccken!"},"content":{"rendered":"<p>Das Fahrrad f\u00e4hrt f\u00fcr den Trans-Rhein!<\/p>\n<p>Der Eurodistrikt Eurhena ist Partner dieses sch\u00f6nen Tages auf dem Fahrrad, um Schleifen \u00fcber den Rhein zu fahren und an den Br\u00fccken zu feiern!<\/p>\n<p><a href=\"https:\/\/labicyclette-franco-allemande.eu\/\">https:\/\/labicyclette-franco-allemande.eu\/<\/a><\/p>\n<p><img loading=\"lazy\" decoding=\"async\" class=\"wp-image-1658 alignleft\" src=\"https:\/\/eurhena.eu\/wp-content\/uploads\/2023\/07\/velo-1-300x209.jpg\" alt=\"\" width=\"291\" height=\"203\" srcset=\"https:\/\/eurhena.eu\/wp-content\/uploads\/2023\/07\/velo-1-300x209.jpg 300w, https:\/\/eurhena.eu\/wp-content\/uploads\/2023\/07\/velo-1-1024x715.jpg 1024w, https:\/\/eurhena.eu\/wp-content\/uploads\/2023\/07\/velo-1-768x536.jpg 768w, https:\/\/eurhena.eu\/wp-content\/uploads\/2023\/07\/velo-1.jpg 1213w\" sizes=\"auto, (max-width: 291px) 100vw, 291px\" \/><img loading=\"lazy\" decoding=\"async\" class=\"alignnone wp-image-1656\" src=\"https:\/\/eurhena.eu\/wp-content\/uploads\/2023\/07\/velo-carte-144x300.jpg\" alt=\"\" width=\"110\" height=\"229\" srcset=\"https:\/\/eurhena.eu\/wp-content\/uploads\/2023\/07\/velo-carte-144x300.jpg 144w, https:\/\/eurhena.eu\/wp-content\/uploads\/2023\/07\/velo-carte.jpg 322w\" sizes=\"auto, (max-width: 110px) 100vw, 110px\" \/><img loading=\"lazy\" decoding=\"async\" class=\"size-medium wp-image-1661 alignleft\" src=\"https:\/\/eurhena.eu\/wp-content\/uploads\/2023\/07\/velo-D-300x134.jpg\" alt=\"\" width=\"300\" height=\"134\" srcset=\"https:\/\/eurhena.eu\/wp-content\/uploads\/2023\/07\/velo-D-300x134.jpg 300w, https:\/\/eurhena.eu\/wp-content\/uploads\/2023\/07\/velo-D-1024x458.jpg 1024w, https:\/\/eurhena.eu\/wp-content\/uploads\/2023\/07\/velo-D-768x343.jpg 768w, https:\/\/eurhena.eu\/wp-content\/uploads\/2023\/07\/velo-D.jpg 1230w\" sizes=\"auto, (max-width: 300px) 100vw, 300px\" \/><\/p>","protected":false},"excerpt":{"rendered":"<p>Das Fahrrad f\u00e4hrt f\u00fcr den Trans-Rhein! Der Eurodistrikt Eurhena ist Partner dieses sch\u00f6nen Tages auf dem Fahrrad, um Schleifen \u00fcber den Rhein zu fahren und an den Br\u00fccken zu feiern! https:\/\/labicyclette-franco-allemande.eu\/<\/p>\n","protected":false},"author":2,"featured_media":1657,"comment_status":"open","ping_status":"open","sticky":false,"template":"","format":"standard","meta":{"_acf_changed":false,"_seopress_robots_primary_cat":"none","_seopress_titles_title":"","_seopress_titles_desc":"","_seopress_robots_index":"","inline_featured_image":false,"footnotes":""},"categories":[1],"tags":[],"class_list":["post-1675","post","type-post","status-publish","format-standard","has-post-thumbnail","hentry","category-non-classe"],"acf":[],"publishpress_future_workflow_manual_trigger":{"enabledWorkflows":[]},"_links":{"self":[{"href":"https:\/\/eurhena.eu\/de\/wp-json\/wp\/v2\/posts\/1675","targetHints":{"allow":["GET"]}}],"collection":[{"href":"https:\/\/eurhena.eu\/de\/wp-json\/wp\/v2\/posts"}],"about":[{"href":"https:\/\/eurhena.eu\/de\/wp-json\/wp\/v2\/types\/post"}],"author":[{"embeddable":true,"href":"https:\/\/eurhena.eu\/de\/wp-json\/wp\/v2\/users\/2"}],"replies":[{"embeddable":true,"href":"https:\/\/eurhena.eu\/de\/wp-json\/wp\/v2\/comments?post=1675"}],"version-history":[{"count":5,"href":"https:\/\/eurhena.eu\/de\/wp-json\/wp\/v2\/posts\/1675\/revisions"}],"predecessor-version":[{"id":2509,"href":"https:\/\/eurhena.eu\/de\/wp-json\/wp\/v2\/posts\/1675\/revisions\/2509"}],"wp:featuredmedia":[{"embeddable":true,"href":"https:\/\/eurhena.eu\/de\/wp-json\/wp\/v2\/media\/1657"}],"wp:attachment":[{"href":"https:\/\/eurhena.eu\/de\/wp-json\/wp\/v2\/media?parent=1675"}],"wp:term":[{"taxonomy":"category","embeddable":true,"href":"https:\/\/eurhena.eu\/de\/wp-json\/wp\/v2\/categories?post=1675"},{"taxonomy":"post_tag","embeddable":true,"href":"https:\/\/eurhena.eu\/de\/wp-json\/wp\/v2\/tags?post=1675"}],"curies":[{"name":"wp","href":"https:\/\/api.w.org\/{rel}","templated":true}]}}